{"id":25009,"date":"2011-05-20T00:00:00","date_gmt":"2011-05-20T03:00:00","guid":{"rendered":"https:\/\/www.cnbb.org.br\/pastorais-sociais-do-regional-sul-1-refletem-mudancas-climaticas-e-definem-programacao-de-seminario\/"},"modified":"2011-05-20T00:00:00","modified_gmt":"2011-05-20T03:00:00","slug":"pastorais-sociais-do-regional-sul-1-refletem-mudancas-climaticas-e-definem-programacao-de-seminario","status":"publish","type":"post","link":"https:\/\/www.cnbb.org.br\/pastorais-sociais-do-regional-sul-1-refletem-mudancas-climaticas-e-definem-programacao-de-seminario\/","title":{"rendered":"Pastorais Sociais do Regional Sul 1 refletem mudan\u00e7as clim\u00e1ticas e definem programa\u00e7\u00e3o de Semin\u00e1rio"},"content":{"rendered":"<p style=\"text-align: justify\">O F\u00f3rum das Pastorais Sociais do Regional Sul 1 da CNBB (S\u00e3o Paulo) definiu nesta quinta-feira, 18, os \u00faltimos detalhes da programa\u00e7\u00e3o do Semin\u00e1rio que ser\u00e1 realizado nos dias 1\u00ba a 3 de julho, no Centro de Pastoral Santa F\u00e9, em S\u00e3o Paulo (SP).<\/p>\n<p style=\"text-align: justify\">Com o tema \u201cMudan\u00e7as Clim\u00e1ticas e Justi\u00e7a Social\u201d, a assessoria do Semin\u00e1rio das Pastorais Sociais ser\u00e1 feita pelo F\u00f3rum Mudan\u00e7as Clim\u00e1ticas, de Bras\u00edlia.<\/p>\n<p>  <!--more-->  <\/p>\n<p style=\"text-align: justify\">Na reuni\u00e3o de ontem, 18, o F\u00f3rum fez reflex\u00f5es sobre as mudan\u00e7as clim\u00e1ticas que afetam a humanidade e a natureza criada por Deus. O bispo de Santos e presidente da Comiss\u00e3o Episcopal para o Servi\u00e7o da Caridade, Justi\u00e7a e Paz no Regional Sul 1, dom Jacyr Francisco Braido, encerrou as reflex\u00f5es com ora\u00e7\u00e3o e b\u00ean\u00e7\u00e3o.<\/p>\n<p style=\"text-align: justify\"><img decoding=\"async\" loading=\"lazy\" class=\" alignleft size-full wp-image-9839\" style=\"float: left\" alt=\"mudancas2_climaticas_sul1\" src=\"https:\/\/www.cnbb.org.br\/wp-content\/uploads\/2020\/03\/mudancas2_climaticas_sul1.jpg\" height=\"227\" width=\"304\" \/>Toninho Evangelista, da Campanha da Fraternidade, falou sobre a avalia\u00e7\u00e3o da CF-2011, realizada nos dias 13 a 15, em Itaici (SP), com o objetivo de trazer subs\u00eddios ao tema do Semin\u00e1rio. De acordo com ele, \u201ca avalia\u00e7\u00e3o mostrou que a sociedade buscou participar do tema da CF deste ano com mais empenho que a pr\u00f3pria Igreja, pois despertou a necessidade de discutir mais os efeitos da a\u00e7\u00e3o do homem que prejudica a natureza e a vida no planeta\u201d, disse.<\/p>\n<p style=\"text-align: justify\">Ainda segundo Evangelista, \u201ca Igreja poderia avan\u00e7ar um pouco mais na discuss\u00e3o e na a\u00e7\u00e3o\u201d, afirmou. \u201cEntre as propostas que as dioceses trouxeram destaca-se a necessidade da Igreja se posicionar com rela\u00e7\u00e3o ao C\u00f3digo Florestal e dar continuidade aos debates com o Poder P\u00fablico iniciados com \u00eaxito durante a Campanha da Fraternidade 2011. A Campanha n\u00e3o deve parar no in\u00edcio da outra Campanha, mas ter continuidade, pela abrang\u00eancia do tema\u201d, completou.<\/p>\n","protected":false},"excerpt":{"rendered":"<p>O F\u00f3rum das Pastorais Sociais do Regional Sul 1 da CNBB (S\u00e3o Paulo) definiu nesta quinta-feira, 18, os \u00faltimos detalhes da programa\u00e7\u00e3o do Semin\u00e1rio que ser\u00e1 realizado nos dias 1\u00ba a 3 de julho, no Centro de Pastoral Santa F\u00e9, em S\u00e3o Paulo (SP). Com o tema \u201cMudan\u00e7as Clim\u00e1ticas e Justi\u00e7a Social\u201d, a assessoria do &hellip;<\/p>\n<p class=\"read-more\"> <a class=\"\" href=\"https:\/\/www.cnbb.org.br\/pastorais-sociais-do-regional-sul-1-refletem-mudancas-climaticas-e-definem-programacao-de-seminario\/\"> <span class=\"screen-reader-text\">Pastorais Sociais do Regional Sul 1 refletem mudan\u00e7as clim\u00e1ticas e definem programa\u00e7\u00e3o de Semin\u00e1rio<\/span> Leia mais &raquo;<\/a><\/p>\n","protected":false},"author":83,"featured_media":25010,"comment_status":"open","ping_status":"open","sticky":false,"template":"","format":"standard","meta":{"site-sidebar-layout":"default","site-content-layout":"default","ast-global-header-display":"","ast-banner-title-visibility":"","ast-main-header-display":"","ast-hfb-above-header-display":"","ast-hfb-below-header-display":"","ast-hfb-mobile-header-display":"","site-post-title":"","ast-breadcrumbs-content":"","ast-featured-img":"","footer-sml-layout":"","theme-transparent-header-meta":"","adv-header-id-meta":"","stick-header-meta":"","header-above-stick-meta":"","header-main-stick-meta":"","header-below-stick-meta":""},"categories":[769,772],"tags":[],"acf":[],"_links":{"self":[{"href":"https:\/\/www.cnbb.org.br\/cnbb-app\/wp\/v2\/posts\/25009"}],"collection":[{"href":"https:\/\/www.cnbb.org.br\/cnbb-app\/wp\/v2\/posts"}],"about":[{"href":"https:\/\/www.cnbb.org.br\/cnbb-app\/wp\/v2\/types\/post"}],"author":[{"embeddable":true,"href":"https:\/\/www.cnbb.org.br\/cnbb-app\/wp\/v2\/users\/83"}],"replies":[{"embeddable":true,"href":"https:\/\/www.cnbb.org.br\/cnbb-app\/wp\/v2\/comments?post=25009"}],"version-history":[{"count":0,"href":"https:\/\/www.cnbb.org.br\/cnbb-app\/wp\/v2\/posts\/25009\/revisions"}],"wp:featuredmedia":[{"embeddable":true,"href":"https:\/\/www.cnbb.org.br\/cnbb-app\/wp\/v2\/media\/25010"}],"wp:attachment":[{"href":"https:\/\/www.cnbb.org.br\/cnbb-app\/wp\/v2\/media?parent=25009"}],"wp:term":[{"taxonomy":"category","embeddable":true,"href":"https:\/\/www.cnbb.org.br\/cnbb-app\/wp\/v2\/categories?post=25009"},{"taxonomy":"post_tag","embeddable":true,"href":"https:\/\/www.cnbb.org.br\/cnbb-app\/wp\/v2\/tags?post=25009"}],"curies":[{"name":"wp","href":"https:\/\/api.w.org\/{rel}","templated":true}]}}