{"id":250141,"date":"2020-10-05T19:39:12","date_gmt":"2020-10-05T22:39:12","guid":{"rendered":"https:\/\/www.cnbb.org.br\/?p=250141"},"modified":"2020-10-05T20:07:57","modified_gmt":"2020-10-05T23:07:57","slug":"aniversario-cnbb-14-de-outubro-68-anos","status":"publish","type":"post","link":"https:\/\/www.cnbb.org.br\/aniversario-cnbb-14-de-outubro-68-anos\/","title":{"rendered":"Com uma programa\u00e7\u00e3o virtual, CNBB marcar\u00e1 a celebra\u00e7\u00e3o de seus 68 anos no pr\u00f3ximo dia 14 de outubro"},"content":{"rendered":"<p style=\"text-align: justify;\">A Confer\u00eancia Nacional dos Bispos do Brasil (CNBB), respeitando as regras do distanciamento social e\u00a0 medidas sanit\u00e1rias exigidas para evitar a propaga\u00e7\u00e3o do novo Coronav\u00edrus, organizou uma programa\u00e7\u00e3o especial com tr\u00eas eventos virtuais para marcar os seus 68 anos no pr\u00f3ximo dia 14 de outubro.<\/p>\n<p style=\"text-align: justify;\">A comemora\u00e7\u00e3o come\u00e7a pela manh\u00e3, \u00e0s 9h, com um missa no Santu\u00e1rio de Nossa Senhora da Piedade,\u00a0 celebrada pelo arcebispo da arquidiocese de Belo Horizonte e presidente da CNBB, dom Walmor Oliveira de Azevedo.<\/p>\n<p style=\"text-align: justify;\">\u00c0s 15h30, hor\u00e1rio em que habitualmente j\u00e1 se reza o Ter\u00e7o Esperan\u00e7a e da Solidariedade, os colaboradores da entidade rezar\u00e3o um ter\u00e7o nas inten\u00e7\u00f5es da Confer\u00eancia e da Igreja no Brasil. O ter\u00e7o ser\u00e1 transmitido pelas TVs de inspira\u00e7\u00e3o cat\u00f3lica do pa\u00eds.<\/p>\n<p style=\"text-align: justify;\"><span style=\"font-size: 16px;\">O<\/span><span style=\"font-size: 16px;\"> bispo auxiliar do Rio de Janeiro e secret\u00e1rio-geral da CNBB, dom Joel Portella Amado, adianta que haver\u00e1 n<\/span><span style=\"font-size: 16px;\">o ter\u00e7o um pouco do mosaico que \u00e9 a vida da CNBB, uma vida din\u00e2mica, fraterna e servidora, mas nem sempre conhecida.\u00a0<\/span><span style=\"font-size: 16px;\">&#8220;Embora sendo um organismo dos bispos, sem a colabora\u00e7\u00e3o de tantos cora\u00e7\u00f5es generosos e abnegados, a CNBB n\u00e3o cumpriria sua fun\u00e7\u00e3o&#8221;, disse<\/span><\/p>\n<h3>Hist\u00f3ria, identidade e futuro da CNBB<\/h3>\n<figure id=\"attachment_250143\" aria-describedby=\"caption-attachment-250143\" style=\"width: 300px\" class=\"wp-caption alignright\"><img decoding=\"async\" loading=\"lazy\" class=\"wp-image-250143 size-full\" src=\"https:\/\/www.cnbb.org.br\/wp-content\/uploads\/2020\/10\/Celebra\u00e7\u00e3o-dos-67-anos.jpg\" alt=\"\" width=\"300\" height=\"169\" \/><figcaption id=\"caption-attachment-250143\" class=\"wp-caption-text\">Celebra\u00e7\u00e3o dos 67 anos, em 2019, na sede em Bras\u00edlia-DF. Fotos: Comunica\u00e7\u00e3o CNBB<\/figcaption><\/figure>\n<p style=\"text-align: justify;\">Uma live, \u00e0s 17h, com dois ex-presidentes da CNBB, dom Raymundo Damasceno e dom Sergio da Rocha e o atual presidente, dom Walmor de Oliveira, vai falar sobre a hist\u00f3ria, a identidade e o futuro da confer\u00eancia.<\/p>\n<p style=\"text-align: justify;\">A live ser\u00e1 mediada pelo padre Patriky Samuel, secret\u00e1rio-executivo de Campanhas da CNBB e transmitida pelas redes sociais da entidade.<\/p>\n<p style=\"text-align: justify;\">O secret\u00e1rio-geral refor\u00e7a que a celebra\u00e7\u00e3o dos 68 anos da CNBB ocorre num momento quem que a institui\u00e7\u00e3o est\u00e1 vivendo um desafio assumido com muita esperan\u00e7a: a revis\u00e3o de seu estatuto. &#8220;Temos, com o novo Estatuto, o desejo de corres<span style=\"font-size: 16px;\">ponder ao caminhar da Igreja nas \u00faltimas d\u00e9cadas&#8221;, disse.<\/span><\/p>\n<p style=\"text-align: justify;\">Dom Joel explicou que o novo Estatuto tem como grande refer\u00eancia a Miss\u00e3o sem a qual a Igreja perderia sua identidade. &#8220;Num mundo, por\u00e9m, bastante plural e diversificado, o cumprimento da miss\u00e3o s\u00f3 pode se dar em um clima de sinodalidade, ou seja, de di\u00e1logo, na escuta e na partilha de compreens\u00f5es e perspectivas. Por isso, as duas refer\u00eancias maiores para o novo Estatuto s\u00e3o a Miss\u00e3o e a Sinodalidade&#8221;, afirmou.<\/p>\n","protected":false},"excerpt":{"rendered":"<p>A Confer\u00eancia Nacional dos Bispos do Brasil (CNBB), respeitando as regras do distanciamento social e\u00a0 medidas sanit\u00e1rias exigidas para evitar a propaga\u00e7\u00e3o do novo Coronav\u00edrus, organizou uma programa\u00e7\u00e3o especial com tr\u00eas eventos virtuais para marcar os seus 68 anos no pr\u00f3ximo dia 14 de outubro<\/p>\n","protected":false},"author":83,"featured_media":250142,"comment_status":"open","ping_status":"open","sticky":false,"template":"","format":"standard","meta":{"site-sidebar-layout":"default","site-content-layout":"default","ast-global-header-display":"","ast-banner-title-visibility":"","ast-main-header-display":"","ast-hfb-above-header-display":"","ast-hfb-below-header-display":"","ast-hfb-mobile-header-display":"","site-post-title":"","ast-breadcrumbs-content":"","ast-featured-img":"","footer-sml-layout":"","theme-transparent-header-meta":"default","adv-header-id-meta":"","stick-header-meta":"","header-above-stick-meta":"","header-main-stick-meta":"","header-below-stick-meta":""},"categories":[50],"tags":[2948],"acf":[],"_links":{"self":[{"href":"https:\/\/www.cnbb.org.br\/cnbb-app\/wp\/v2\/posts\/250141"}],"collection":[{"href":"https:\/\/www.cnbb.org.br\/cnbb-app\/wp\/v2\/posts"}],"about":[{"href":"https:\/\/www.cnbb.org.br\/cnbb-app\/wp\/v2\/types\/post"}],"author":[{"embeddable":true,"href":"https:\/\/www.cnbb.org.br\/cnbb-app\/wp\/v2\/users\/83"}],"replies":[{"embeddable":true,"href":"https:\/\/www.cnbb.org.br\/cnbb-app\/wp\/v2\/comments?post=250141"}],"version-history":[{"count":0,"href":"https:\/\/www.cnbb.org.br\/cnbb-app\/wp\/v2\/posts\/250141\/revisions"}],"wp:featuredmedia":[{"embeddable":true,"href":"https:\/\/www.cnbb.org.br\/cnbb-app\/wp\/v2\/media\/250142"}],"wp:attachment":[{"href":"https:\/\/www.cnbb.org.br\/cnbb-app\/wp\/v2\/media?parent=250141"}],"wp:term":[{"taxonomy":"category","embeddable":true,"href":"https:\/\/www.cnbb.org.br\/cnbb-app\/wp\/v2\/categories?post=250141"},{"taxonomy":"post_tag","embeddable":true,"href":"https:\/\/www.cnbb.org.br\/cnbb-app\/wp\/v2\/tags?post=250141"}],"curies":[{"name":"wp","href":"https:\/\/api.w.org\/{rel}","templated":true}]}}