{"id":25018,"date":"2011-06-09T00:00:00","date_gmt":"2011-06-09T03:00:00","guid":{"rendered":"https:\/\/www.cnbb.org.br\/eleita-a-nova-presidencia-do-regional-sul-1\/"},"modified":"2011-06-09T00:00:00","modified_gmt":"2011-06-09T03:00:00","slug":"eleita-a-nova-presidencia-do-regional-sul-1","status":"publish","type":"post","link":"https:\/\/www.cnbb.org.br\/eleita-a-nova-presidencia-do-regional-sul-1\/","title":{"rendered":"Eleita a nova Presid\u00eancia do Regional Sul 1"},"content":{"rendered":"<p style=\"text-align: justify\">O arcebispo de S\u00e3o Paulo, cardeal Odilo Pedro Scherer, foi eleito na tarde de ontem, 8, o novo presidente do Regional Sul 1 da CNBB (estado de S\u00e3o Paulo). A elei\u00e7\u00e3o aconteceu durante a 74\u00aa Assembleia do Regional, que acontece desde ter\u00e7a-feira, 7, em Aparecida (SP).<\/p>\n<p>  <!--more-->  <\/p>\n<p style=\"text-align: justify\">O bispo de S\u00e3o Jos\u00e9 dos Campos,\u00a0 dom Moacir Silva, foi reeleito vice-presidente. Para secret\u00e1rio do Regional, a assembleia elegeu o bispo auxiliar da arquidiocese de S\u00e3o Paulo, dom Tarc\u00edsio Scaramussa.<\/p>\n<p>A pauta de trabalhos desta quinta-feira, 9, prev\u00ea a defini\u00e7\u00e3o do tema da Assembl\u00e9ia das Igrejas, que ser\u00e1 realizada em outubro pr\u00f3ximo, al\u00e9m de comunica\u00e7\u00f5es. Uma celebra\u00e7\u00e3o \u00e0s 11h30 encerra o encontro que reuniu 130 pessoas, entre bispos de todo o Estado de S\u00e3o Paulo, padres subsecret\u00e1rios das oitos sub-regi\u00f5es pastorais do Regional (Aparecida, Botucatu, Campinas, Ribeir\u00e3o Preto I e II, S\u00e3o Paulo I e II e Sorocaba), coordenadores diocesanos de pastoral e respons\u00e1veis por Organismos do Regional\u00a0 Sul 1 da CNBB.<\/p>\n","protected":false},"excerpt":{"rendered":"<p>O arcebispo de S\u00e3o Paulo, cardeal Odilo Pedro Scherer, foi eleito na tarde de ontem, 8, o novo presidente do Regional Sul 1 da CNBB (estado de S\u00e3o Paulo). A elei\u00e7\u00e3o aconteceu durante a 74\u00aa Assembleia do Regional, que acontece desde ter\u00e7a-feira, 7, em Aparecida (SP).<\/p>\n","protected":false},"author":83,"featured_media":25019,"comment_status":"open","ping_status":"open","sticky":false,"template":"","format":"standard","meta":{"site-sidebar-layout":"default","site-content-layout":"default","ast-global-header-display":"","ast-banner-title-visibility":"","ast-main-header-display":"","ast-hfb-above-header-display":"","ast-hfb-below-header-display":"","ast-hfb-mobile-header-display":"","site-post-title":"","ast-breadcrumbs-content":"","ast-featured-img":"","footer-sml-layout":"","theme-transparent-header-meta":"","adv-header-id-meta":"","stick-header-meta":"","header-above-stick-meta":"","header-main-stick-meta":"","header-below-stick-meta":""},"categories":[769,772],"tags":[],"acf":[],"_links":{"self":[{"href":"https:\/\/www.cnbb.org.br\/cnbb-app\/wp\/v2\/posts\/25018"}],"collection":[{"href":"https:\/\/www.cnbb.org.br\/cnbb-app\/wp\/v2\/posts"}],"about":[{"href":"https:\/\/www.cnbb.org.br\/cnbb-app\/wp\/v2\/types\/post"}],"author":[{"embeddable":true,"href":"https:\/\/www.cnbb.org.br\/cnbb-app\/wp\/v2\/users\/83"}],"replies":[{"embeddable":true,"href":"https:\/\/www.cnbb.org.br\/cnbb-app\/wp\/v2\/comments?post=25018"}],"version-history":[{"count":0,"href":"https:\/\/www.cnbb.org.br\/cnbb-app\/wp\/v2\/posts\/25018\/revisions"}],"wp:featuredmedia":[{"embeddable":true,"href":"https:\/\/www.cnbb.org.br\/cnbb-app\/wp\/v2\/media\/25019"}],"wp:attachment":[{"href":"https:\/\/www.cnbb.org.br\/cnbb-app\/wp\/v2\/media?parent=25018"}],"wp:term":[{"taxonomy":"category","embeddable":true,"href":"https:\/\/www.cnbb.org.br\/cnbb-app\/wp\/v2\/categories?post=25018"},{"taxonomy":"post_tag","embeddable":true,"href":"https:\/\/www.cnbb.org.br\/cnbb-app\/wp\/v2\/tags?post=25018"}],"curies":[{"name":"wp","href":"https:\/\/api.w.org\/{rel}","templated":true}]}}