{"id":25020,"date":"2011-06-09T00:00:00","date_gmt":"2011-06-09T03:00:00","guid":{"rendered":"https:\/\/www.cnbb.org.br\/arquidiocese-de-sao-paulo-celebra-o-dia-do-beato-anchieta\/"},"modified":"2011-06-09T00:00:00","modified_gmt":"2011-06-09T03:00:00","slug":"arquidiocese-de-sao-paulo-celebra-o-dia-do-beato-anchieta","status":"publish","type":"post","link":"https:\/\/www.cnbb.org.br\/arquidiocese-de-sao-paulo-celebra-o-dia-do-beato-anchieta\/","title":{"rendered":"Arquidiocese de S\u00e3o Paulo celebra o dia do Beato Anchieta"},"content":{"rendered":"<p style=\"text-align: justify\">Uma missa hoje, \u00e0s 18h, na Catedral da S\u00e9, em S\u00e3o Paulo, marca as comemora\u00e7\u00f5es do dia do Beato Jos\u00e9 de Anchieta, o \u2018Ap\u00f3stolo do Brasil\u2019. A missa ser\u00e1 presidida pelo arcebispo de S\u00e3o Paulo, cardeal Odilo Pedro Scherer.<\/p>\n<p><!--more--><\/p>\n<p style=\"text-align: justify\">Segundo dom Odilo, o padre Anchieta foi fundador da cidade de S\u00e3o Paulo juntamente com outros jesu\u00edtas. Para o \u00e9 uma alegria saber que a cidade nasceu de uma miss\u00e3o religiosa. \u201cNasceu de uma miss\u00e3o religiosa no meio dos ind\u00edgenas e depois se expandiu tamb\u00e9m para acompanhar os imigrantes e os colonizadores, mas nasceu no meio de uma miss\u00e3o e por mission\u00e1rios e santos mission\u00e1rios, como beato padre Anchieta\u201d, disse.<\/p>\n<p style=\"text-align: justify\">Dom Odilo destacou que a arquidiocese de S\u00e3o Paulo est\u00e1 divulgando a devo\u00e7\u00e3o ao Beato Anchieta para que um dia seja canonizado. \u201cPor isso \u00e9 para n\u00f3s um motivo de muita alegria e estimulo mission\u00e1rio celebr\u00e1-lo\u201d, ressaltou.<\/p>\n<p style=\"text-align: justify\">O Beato Anchieta \u00e9 um dos estrangeiros que viveram e morreram no Brasil e agora est\u00e1 pr\u00f3ximo de ser reconhecido como santo pela Igreja Cat\u00f3lica.<\/p>\n","protected":false},"excerpt":{"rendered":"<p>Uma missa hoje, \u00e0s 18h, na Catedral da S\u00e9, em S\u00e3o Paulo, marca as comemora\u00e7\u00f5es do dia do Beato Jos\u00e9 de Anchieta, o \u2018Ap\u00f3stolo do Brasil\u2019. A missa ser\u00e1 presidida pelo arcebispo de S\u00e3o Paulo, cardeal Odilo Pedro Scherer.<\/p>\n","protected":false},"author":83,"featured_media":25021,"comment_status":"open","ping_status":"open","sticky":false,"template":"","format":"standard","meta":{"site-sidebar-layout":"default","site-content-layout":"default","ast-global-header-display":"","ast-banner-title-visibility":"","ast-main-header-display":"","ast-hfb-above-header-display":"","ast-hfb-below-header-display":"","ast-hfb-mobile-header-display":"","site-post-title":"","ast-breadcrumbs-content":"","ast-featured-img":"","footer-sml-layout":"","theme-transparent-header-meta":"","adv-header-id-meta":"","stick-header-meta":"","header-above-stick-meta":"","header-main-stick-meta":"","header-below-stick-meta":""},"categories":[769,772],"tags":[],"acf":[],"_links":{"self":[{"href":"https:\/\/www.cnbb.org.br\/cnbb-app\/wp\/v2\/posts\/25020"}],"collection":[{"href":"https:\/\/www.cnbb.org.br\/cnbb-app\/wp\/v2\/posts"}],"about":[{"href":"https:\/\/www.cnbb.org.br\/cnbb-app\/wp\/v2\/types\/post"}],"author":[{"embeddable":true,"href":"https:\/\/www.cnbb.org.br\/cnbb-app\/wp\/v2\/users\/83"}],"replies":[{"embeddable":true,"href":"https:\/\/www.cnbb.org.br\/cnbb-app\/wp\/v2\/comments?post=25020"}],"version-history":[{"count":0,"href":"https:\/\/www.cnbb.org.br\/cnbb-app\/wp\/v2\/posts\/25020\/revisions"}],"wp:featuredmedia":[{"embeddable":true,"href":"https:\/\/www.cnbb.org.br\/cnbb-app\/wp\/v2\/media\/25021"}],"wp:attachment":[{"href":"https:\/\/www.cnbb.org.br\/cnbb-app\/wp\/v2\/media?parent=25020"}],"wp:term":[{"taxonomy":"category","embeddable":true,"href":"https:\/\/www.cnbb.org.br\/cnbb-app\/wp\/v2\/categories?post=25020"},{"taxonomy":"post_tag","embeddable":true,"href":"https:\/\/www.cnbb.org.br\/cnbb-app\/wp\/v2\/tags?post=25020"}],"curies":[{"name":"wp","href":"https:\/\/api.w.org\/{rel}","templated":true}]}}