{"id":250229,"date":"2020-10-07T11:01:05","date_gmt":"2020-10-07T14:01:05","guid":{"rendered":"https:\/\/www.cnbb.org.br\/?p=250229"},"modified":"2020-10-27T09:57:42","modified_gmt":"2020-10-27T12:57:42","slug":"construindo-novos-comecos","status":"publish","type":"post","link":"https:\/\/www.cnbb.org.br\/construindo-novos-comecos\/","title":{"rendered":"Construindo novos come\u00e7os"},"content":{"rendered":"<p style=\"text-align: right;\"><strong>Dom Lindomar Rocha<\/strong><br \/>\n<strong>Bispo de S\u00e3o Lu\u00eds de Montes Belos<\/strong><\/p>\n<p style=\"text-align: justify;\">\n<p style=\"text-align: justify;\">Entre as intui\u00e7\u00f5es mais profundas da Enc\u00edclica Fratelli Tutti encontra-se a formula\u00e7\u00e3o do Papa Francisco que diz:<\/p>\n<p style=\"text-align: justify;\">\u201c<em>Se algu\u00e9m pensa que se tratava apenas de fazer funcionar melhor o que j\u00e1 faz\u00edamos, ou que a \u00fanica li\u00e7\u00e3o a tirar \u00e9 que devemos melhorar os sistemas e regras j\u00e1 existentes, est\u00e1 a negar a realidade<\/em>\u201d (7).<\/p>\n<p style=\"text-align: justify;\">Essa locu\u00e7\u00e3o soa como uma verdade avassaladora nos ouvidos do mundo que muda de forma acelerada, deixando at\u00f4nitas at\u00e9 as ideias mais bem ajustadas e alocadas com ar de contemporaneidade.<\/p>\n<p style=\"text-align: justify;\">\u00c9 avassaladora porque o desafio de novos come\u00e7os lan\u00e7a o olhar para o desconhecido, que como os Ap\u00f3stolos, embora tivessem ouvido falar muitas vezes de Ressurrei\u00e7\u00e3o, custaram a acreditar, at\u00e9 mesmo no que seus os olhos viram.<\/p>\n<p style=\"text-align: justify;\">O come\u00e7o assusta porque n\u00e3o \u00e9 a origem. A origem \u00e9 desconhecida e emana de fontes que ainda nos \u00e9 estranha. Desse modo, precisamos come\u00e7ar sem conhecer ainda as origens.<\/p>\n<p style=\"text-align: justify;\">O Papa, ent\u00e3o, nos alerta que, por j\u00e1 conhecermos as origens de tudo que est\u00e1 acontecendo, ca\u00edmos na tenta\u00e7\u00e3o de repetir o mesmo come\u00e7o, apenas pausado por for\u00e7as circunstanciais que logo passar\u00e3o, recolocando-nos nos trilhos novamente.<\/p>\n<p style=\"text-align: justify;\">H\u00e1, portanto, uma trapa\u00e7a que nos faz acreditar que basta acelerar aquilo que j\u00e1 fazemos para chegar a um bom fim. Algo como imaginar que o rem\u00e9dio contra a destrui\u00e7\u00e3o que a t\u00e9cnica inflige ao mundo, \u00e9 mais t\u00e9cnica; ou, ent\u00e3o, que o descanso para quem j\u00e1 est\u00e1 correndo, \u00e9 correr mais. Essa trapa\u00e7a \u00e9 profundamente arraigada na natureza humana.<\/p>\n<p style=\"text-align: justify;\">A\u00ed est\u00e1 um desafio digno de reflex\u00e3o que o Papa nos p\u00f5e. Ele est\u00e1 convicto que o mundo j\u00e1 n\u00e3o funciona bem a mais tempo do que estamos acostumados a pensar. Os graves problemas da migra\u00e7\u00e3o, do n\u00famero de empobrecidos e do esgotamento de recursos dep\u00f5e a favor de sua vis\u00e3o. Chegamos, assim, a um momento crucial na hist\u00f3ria humana, um momento que s\u00f3 ser\u00e1 superado se contar com novos come\u00e7os.<\/p>\n<p style=\"text-align: justify;\">Novos come\u00e7os precisam ser gestados a partir de tudo que vivenciamos agora, mas n\u00e3o s\u00f3 agora, pois a origem do que vivemos est\u00e1 profundamente fincada em nossos cora\u00e7\u00f5es, intelig\u00eancia e vontade, e requisita de cada um a coragem e a for\u00e7a que muitas vezes n\u00e3o temos para desaloj\u00e1-la da hist\u00f3ria.<\/p>\n<p style=\"text-align: justify;\">A pandemia que nos assombra a todos nos dias de hoje \u00e9 o turbilh\u00e3o do qual esperamos sair para retomar o nosso caminho, mas um evento desta magnitude n\u00e3o deixa as coisas ficarem onde est\u00e3o. \u00c9 \u201cnegar a realidade\u201d pensar que podemos ligar as pontas e recome\u00e7ar a partir de janeiro pr\u00f3ximo passado.<\/p>\n<p style=\"text-align: justify;\">Novos come\u00e7os precisam ser gestados em todas as dimens\u00f5es da vida, a come\u00e7ar pela pol\u00edtica, mas se espalhando pelas pr\u00e1ticas pastorais e iniciativa do pastoreio que dizem respeito aos irm\u00e3os de f\u00e9 e as pessoas de boa vontade.<\/p>\n<p style=\"text-align: justify;\">A pr\u00e1tica do Samaritano \u00e9 o exemplo que nos d\u00e1 o Senhor de tudo, mas como bem asseverou o Papa Francisco: o desafio \u00e9 fazer que este seja um recome\u00e7o para todos.<\/p>\n<p>&nbsp;<\/p>\n<p>&nbsp;<\/p>\n","protected":false},"excerpt":{"rendered":"<p>Dom Lindomar Rocha Bispo de S\u00e3o Lu\u00eds de Montes Belos Entre as intui\u00e7\u00f5es mais profundas da Enc\u00edclica Fratelli Tutti encontra-se a formula\u00e7\u00e3o do Papa Francisco que diz: \u201cSe algu\u00e9m pensa que se tratava apenas de fazer funcionar melhor o que j\u00e1 faz\u00edamos, ou que a \u00fanica li\u00e7\u00e3o a tirar \u00e9 que devemos melhorar os sistemas &hellip;<\/p>\n<p class=\"read-more\"> <a class=\"\" href=\"https:\/\/www.cnbb.org.br\/construindo-novos-comecos\/\"> <span class=\"screen-reader-text\">Construindo novos come\u00e7os<\/span> Leia mais &raquo;<\/a><\/p>\n","protected":false},"author":112,"featured_media":0,"comment_status":"open","ping_status":"open","sticky":false,"template":"","format":"standard","meta":{"site-sidebar-layout":"default","site-content-layout":"default","ast-global-header-display":"","ast-banner-title-visibility":"","ast-main-header-display":"","ast-hfb-above-header-display":"","ast-hfb-below-header-display":"","ast-hfb-mobile-header-display":"","site-post-title":"","ast-breadcrumbs-content":"","ast-featured-img":"","footer-sml-layout":"","theme-transparent-header-meta":"default","adv-header-id-meta":"","stick-header-meta":"","header-above-stick-meta":"","header-main-stick-meta":"","header-below-stick-meta":""},"categories":[758,1837],"tags":[2817],"acf":[],"_links":{"self":[{"href":"https:\/\/www.cnbb.org.br\/cnbb-app\/wp\/v2\/posts\/250229"}],"collection":[{"href":"https:\/\/www.cnbb.org.br\/cnbb-app\/wp\/v2\/posts"}],"about":[{"href":"https:\/\/www.cnbb.org.br\/cnbb-app\/wp\/v2\/types\/post"}],"author":[{"embeddable":true,"href":"https:\/\/www.cnbb.org.br\/cnbb-app\/wp\/v2\/users\/112"}],"replies":[{"embeddable":true,"href":"https:\/\/www.cnbb.org.br\/cnbb-app\/wp\/v2\/comments?post=250229"}],"version-history":[{"count":0,"href":"https:\/\/www.cnbb.org.br\/cnbb-app\/wp\/v2\/posts\/250229\/revisions"}],"wp:attachment":[{"href":"https:\/\/www.cnbb.org.br\/cnbb-app\/wp\/v2\/media?parent=250229"}],"wp:term":[{"taxonomy":"category","embeddable":true,"href":"https:\/\/www.cnbb.org.br\/cnbb-app\/wp\/v2\/categories?post=250229"},{"taxonomy":"post_tag","embeddable":true,"href":"https:\/\/www.cnbb.org.br\/cnbb-app\/wp\/v2\/tags?post=250229"}],"curies":[{"name":"wp","href":"https:\/\/api.w.org\/{rel}","templated":true}]}}