{"id":250323,"date":"2020-10-09T11:11:30","date_gmt":"2020-10-09T14:11:30","guid":{"rendered":"https:\/\/www.cnbb.org.br\/?p=250323"},"modified":"2020-10-27T11:45:55","modified_gmt":"2020-10-27T14:45:55","slug":"inspirada-na-enciclica-fratelli-tutti-a-arquidiocese-de-bh-lanca-iniciativas-voltadas-para-promover-a-fraternidade-universal","status":"publish","type":"post","link":"https:\/\/www.cnbb.org.br\/inspirada-na-enciclica-fratelli-tutti-a-arquidiocese-de-bh-lanca-iniciativas-voltadas-para-promover-a-fraternidade-universal\/","title":{"rendered":"Inspirada na Enc\u00edclica Fratelli Tutti, a arquidiocese de BH lan\u00e7a iniciativas voltadas para promover a fraternidade universal"},"content":{"rendered":"<p style=\"text-align: justify;\">O arcebispo metropolitano de Belo Horizonte (MG) e presidente da Confer\u00eancia Nacional dos Bispos do Brasil (CNBB), dom Walmor Oliveira de Azevedo, presidiu videoconfer\u00eancias nesta quinta-feira, dia 8, em que foram instalados dois grupos de trabalho na Arquidiocese de Belo Horizonte, que buscam defender a justi\u00e7a e prover o direito dos mais pobres: a Comiss\u00e3o Arquidiocesana de Justi\u00e7a e Paz (CAJP) e a Academia de Juristas Cat\u00f3licos e Humanistas (AJUCH). Os bispos auxiliares dom Joaquim Mol e dom Geovane Lu\u00eds da Silva tamb\u00e9m se dedicaram aos encontros.<\/p>\n<p style=\"text-align: justify;\">Acad\u00eamicos com s\u00f3lida trajet\u00f3ria no campo do direito, humanistas com relevantes servi\u00e7os aos mais pobres, pol\u00edticos de reconhecida atua\u00e7\u00e3o na defesa dos exclu\u00eddos e jornalistas de credibilidade, com s\u00f3lida experi\u00eancia profissional, integram os grupos que objetivam fortalecer ainda mais a Igreja na miss\u00e3o de contribuir com a constru\u00e7\u00e3o de uma sociedade justa e fraterna. Os dois grupos trabalhar\u00e3o em sinergia, coordenados e articulados pelo Vicariato Episcopal para A\u00e7\u00e3o Social, Pol\u00edtica e Ambiental da Arquidiocese de Belo Horizonte.<\/p>\n<p style=\"text-align: justify;\">Na instala\u00e7\u00e3o da CAJP, dom Walmor Oliveira de Azevedo manifestou entusiasmo com o caminho iniciado, lembrando que todos trabalhar\u00e3o em sintonia com o magist\u00e9rio do Papa Francisco e a servi\u00e7o da Igreja do Brasil. Citando a Carta Enc\u00edclica Fratelli tutti, o arcebispo de Belo Horizonte e presidente da CNBB disse que \u00e9 preciso investir na fraternidade universal, o que exige de cada pessoa buscar viver em harmonia com o pr\u00f3ximo, sem querer exercer dom\u00ednio. \u201cO caminho que iniciamos agora \u00e9 fruto do amadurecimento e do comprometimento da Igreja com a justi\u00e7a e a paz. Devemos, cada vez mais, contribuir para curar as dores dos pobres, injusti\u00e7ados, sofredores e, assim promover a paz\u201d. No encontro de instala\u00e7\u00e3o da AJUCH, dom Walmor citou o Serm\u00e3o da Montanha para dizer que todos devem ser \u201csal da terra e luz do mundo\u201d. O arcebispo de Belo Horizonte e presidente da CNBB acredita que a Academia pode ser \u201cpropulsora de a\u00e7\u00f5es efetivas, capazes de promover direitos, a igualdade e a sustentabilidade\u201d.<\/p>\n<p><strong>Comiss\u00e3o Arquidiocesana de Justi\u00e7a e Paz<\/strong><\/p>\n<p>No horizonte da Doutrina Social da Igreja, em respeito \u00e0 Constitui\u00e7\u00e3o Brasileira, a CAJP contribuir\u00e1 com a formula\u00e7\u00e3o de pol\u00edticas p\u00fablicas que busquem proteger os mais pobres, oferecer\u00e1 assessoria, aconselhamentos e pareceres que contribuir\u00e3o para as a\u00e7\u00f5es da Arquidiocese no campo sociopol\u00edtico. Os integrantes da Comiss\u00e3o, nesse trabalho, v\u00e3o promover os direitos humanos, o respeito aos direitos relacionados \u00e0 economia, ao mundo do trabalho e ao meio ambiente. A CAJP trabalhar\u00e1 em permanente di\u00e1logo com a Comiss\u00e3o Nacional de Justi\u00e7a e Paz, que oferece assessoria \u00e0 CNBB.<\/p>\n<figure id=\"attachment_250328\" aria-describedby=\"caption-attachment-250328\" style=\"width: 1024px\" class=\"wp-caption alignnone\"><img decoding=\"async\" loading=\"lazy\" class=\"wp-image-250328 size-large\" src=\"https:\/\/www.cnbb.org.br\/wp-content\/uploads\/2020\/10\/Instala\u00e7\u00e3o-da-CAJP-1024x528.jpg\" alt=\"\" width=\"1024\" height=\"528\" srcset=\"https:\/\/www.cnbb.org.br\/wp-content\/uploads\/2020\/10\/Instala\u00e7\u00e3o-da-CAJP-1024x528.jpg 1024w, https:\/\/www.cnbb.org.br\/wp-content\/uploads\/2020\/10\/Instala\u00e7\u00e3o-da-CAJP-300x155.jpg 300w, https:\/\/www.cnbb.org.br\/wp-content\/uploads\/2020\/10\/Instala\u00e7\u00e3o-da-CAJP-768x396.jpg 768w, https:\/\/www.cnbb.org.br\/wp-content\/uploads\/2020\/10\/Instala\u00e7\u00e3o-da-CAJP-500x258.jpg 500w, https:\/\/www.cnbb.org.br\/wp-content\/uploads\/2020\/10\/Instala\u00e7\u00e3o-da-CAJP.jpg 1182w\" sizes=\"(max-width: 1024px) 100vw, 1024px\" \/><figcaption id=\"caption-attachment-250328\" class=\"wp-caption-text\">Instala\u00e7\u00e3o da CAJP na arquidiocese de Belo Horizonte (MG), dia 8 de outubro. Foto: print\/reprodu\u00e7\u00e3o Ascom de BH<\/figcaption><\/figure>\n<p style=\"text-align: justify;\"><strong>Academia de Juristas Cat\u00f3licos e Humanistas<\/strong><br \/>\nA AJUCH oferecer\u00e1 subs\u00eddios \u00e0s organiza\u00e7\u00f5es da sociedade civil que busquem, a partir do Direito, defender a vida e a dignidade da pessoa humana. A miss\u00e3o da Academia \u00e9 tamb\u00e9m consolidar a \u00e9tica crist\u00e3 e humanista no Direito, na atividade legislativa, judici\u00e1ria e administrativa, bem como apoiar a inser\u00e7\u00e3o dos profissionais da \u00e1rea jur\u00eddica no processo de transforma\u00e7\u00e3o social. Os integrantes da Academia, docentes da Pontif\u00edcia Universidade Cat\u00f3lica de Minas Gerais (PUC Minas), Dom Helder C\u00e2mara e Universidade Cat\u00f3lica de Minas Gerais (UFMG), al\u00e9m de renomados juristas cat\u00f3licos, se distinguem por ser humanistas.<\/p>\n<figure id=\"attachment_250331\" aria-describedby=\"caption-attachment-250331\" style=\"width: 1024px\" class=\"wp-caption alignnone\"><img decoding=\"async\" loading=\"lazy\" class=\"wp-image-250331 size-large\" src=\"https:\/\/www.cnbb.org.br\/wp-content\/uploads\/2020\/10\/Instala\u00e7\u00e3o-da-AJCH-em-BH-1024x528.jpg\" alt=\"\" width=\"1024\" height=\"528\" srcset=\"https:\/\/www.cnbb.org.br\/wp-content\/uploads\/2020\/10\/Instala\u00e7\u00e3o-da-AJCH-em-BH-1024x528.jpg 1024w, https:\/\/www.cnbb.org.br\/wp-content\/uploads\/2020\/10\/Instala\u00e7\u00e3o-da-AJCH-em-BH-300x155.jpg 300w, https:\/\/www.cnbb.org.br\/wp-content\/uploads\/2020\/10\/Instala\u00e7\u00e3o-da-AJCH-em-BH-768x396.jpg 768w, https:\/\/www.cnbb.org.br\/wp-content\/uploads\/2020\/10\/Instala\u00e7\u00e3o-da-AJCH-em-BH-500x258.jpg 500w, https:\/\/www.cnbb.org.br\/wp-content\/uploads\/2020\/10\/Instala\u00e7\u00e3o-da-AJCH-em-BH.jpg 1188w\" sizes=\"(max-width: 1024px) 100vw, 1024px\" \/><figcaption id=\"caption-attachment-250331\" class=\"wp-caption-text\">Instala\u00e7\u00e3o da Academia de Juristas Cat\u00f3licos e Humanistas. Os dois grupos buscar\u00e3o defender a justi\u00e7a e prover o direito dos mais pobres. Foto: Print da reuni\u00e3o\/reprodu\u00e7\u00e3o: Ascom da arquidiocese de Belo Horizonte (MG).<\/figcaption><\/figure>\n<h3>Promo\u00e7\u00e3o da Fraternidade Universal<\/h3>\n<p style=\"text-align: justify;\">O portal da CNBB vai veicular iniciativas na Igreja no Brasil que brotarem a partir de inspira\u00e7\u00f5es da Enc\u00edclica Fratelli Tutti, lan\u00e7ada pelo Papa Francisco, no \u00faltimo dia\u00a0 4 de outubro, dia de S\u00e3o Francisco, em Assis (It\u00e1lia). Iniciativas que traduzem, em gestos concretos, os itiner\u00e1rios e roteiros espirituais e concretos propostos pelo Santo Padre \u00e0 humanidade, que vai do particular ao universal, do indiv\u00edduo ao planeta, para construir a fraternidade universal. A fraternidade \u00e9 um dos poucos valores despertados na sociedade. A comunica\u00e7\u00e3o tem a miss\u00e3o de dar visibilidade \u00e0s boas pr\u00e1ticas e iniciativas que promovem o bem e o amor ao pr\u00f3ximo que brotam na Igreja no Brasil.<\/p>\n<p>&nbsp;<\/p>\n","protected":false},"excerpt":{"rendered":"<p>Trata-se da  instala\u00e7\u00e3o, na quinta-feira, (8\/10), por seu arcebispo e presidente da CNBB, dom Walmor Oliveira de Azevedo, de dois grupos de trabalho: a Comiss\u00e3o Arquidiocesana de Justi\u00e7a e Paz (CAJP) e a Academia de Juristas Cat\u00f3licos e Humanistas (AJUCH). &#8220;Devemos, cada vez mais, contribuir para curar as dores dos pobres e promover a paz\u201d, disse dom Walmor<\/p>\n","protected":false},"author":83,"featured_media":250325,"comment_status":"open","ping_status":"open","sticky":false,"template":"","format":"standard","meta":{"site-sidebar-layout":"default","site-content-layout":"default","ast-global-header-display":"","ast-banner-title-visibility":"","ast-main-header-display":"","ast-hfb-above-header-display":"","ast-hfb-below-header-display":"","ast-hfb-mobile-header-display":"","site-post-title":"","ast-breadcrumbs-content":"","ast-featured-img":"","footer-sml-layout":"","theme-transparent-header-meta":"default","adv-header-id-meta":"","stick-header-meta":"","header-above-stick-meta":"","header-main-stick-meta":"","header-below-stick-meta":""},"categories":[778],"tags":[2961,2962,2817,2937],"acf":[],"_links":{"self":[{"href":"https:\/\/www.cnbb.org.br\/cnbb-app\/wp\/v2\/posts\/250323"}],"collection":[{"href":"https:\/\/www.cnbb.org.br\/cnbb-app\/wp\/v2\/posts"}],"about":[{"href":"https:\/\/www.cnbb.org.br\/cnbb-app\/wp\/v2\/types\/post"}],"author":[{"embeddable":true,"href":"https:\/\/www.cnbb.org.br\/cnbb-app\/wp\/v2\/users\/83"}],"replies":[{"embeddable":true,"href":"https:\/\/www.cnbb.org.br\/cnbb-app\/wp\/v2\/comments?post=250323"}],"version-history":[{"count":0,"href":"https:\/\/www.cnbb.org.br\/cnbb-app\/wp\/v2\/posts\/250323\/revisions"}],"wp:featuredmedia":[{"embeddable":true,"href":"https:\/\/www.cnbb.org.br\/cnbb-app\/wp\/v2\/media\/250325"}],"wp:attachment":[{"href":"https:\/\/www.cnbb.org.br\/cnbb-app\/wp\/v2\/media?parent=250323"}],"wp:term":[{"taxonomy":"category","embeddable":true,"href":"https:\/\/www.cnbb.org.br\/cnbb-app\/wp\/v2\/categories?post=250323"},{"taxonomy":"post_tag","embeddable":true,"href":"https:\/\/www.cnbb.org.br\/cnbb-app\/wp\/v2\/tags?post=250323"}],"curies":[{"name":"wp","href":"https:\/\/api.w.org\/{rel}","templated":true}]}}