{"id":25034,"date":"2011-07-15T00:00:00","date_gmt":"2011-07-15T03:00:00","guid":{"rendered":"https:\/\/www.cnbb.org.br\/associacoes-comemoram-os-21-anos-do-estatuto-da-crianca-e-do-adolescente-com-seminario\/"},"modified":"2011-07-15T00:00:00","modified_gmt":"2011-07-15T03:00:00","slug":"associacoes-comemoram-os-21-anos-do-estatuto-da-crianca-e-do-adolescente-com-seminario","status":"publish","type":"post","link":"https:\/\/www.cnbb.org.br\/associacoes-comemoram-os-21-anos-do-estatuto-da-crianca-e-do-adolescente-com-seminario\/","title":{"rendered":"Associa\u00e7\u00f5es comemoram os 21 anos do Estatuto da Crian\u00e7a e do Adolescente com semin\u00e1rio"},"content":{"rendered":"<p style=\"text-align: justify\">O Estatuto da Crian\u00e7a e do Adolescente (ECA) completa esta semana 21 anos. E para comemorar, a Funda\u00e7\u00e3o Abrinq \u2013 Save the Children celebra a data com o semin\u00e1rio &#8220;Um Munic\u00edpio para as Crian\u00e7as: Avan\u00e7os e Desafios para a Garantia de Direitos&#8221; que acontece dos dias 13 a 15, em S\u00e3o Paulo (SP).<\/p>\n<p>  <!--more-->  <\/p>\n<p style=\"text-align: justify\">Com mais de 700 inscritos, o encontro tem o objetivo de discutir estrat\u00e9gias para o aprimoramento das pol\u00edticas em benef\u00edcio de crian\u00e7as e adolescentes.<\/p>\n<p style=\"text-align: justify\">O evento conta com a presen\u00e7a de representantes da Secretaria de Direitos Humanos da Presid\u00eancia da Rep\u00fablica, do Governo do estado de S\u00e3o Paulo, da UNICEF, da Associa\u00e7\u00e3o Brasileira de Magistrados, Promotores de Justi\u00e7a e Defensores P\u00fablicos da Inf\u00e2ncia e Juventude, do F\u00f3rum Nacional dos Direitos da Crian\u00e7a e do Adolescente, do Conselho Nacional de Justi\u00e7a, da Frente Nacional de Prefeitos, e da Secretaria de Emprego e Rela\u00e7\u00f5es do Trabalho do Estado de S\u00e3o Paulo.<\/p>\n<p style=\"text-align: justify\">A programa\u00e7\u00e3o do semin\u00e1rio aborda temas como Educa\u00e7\u00e3o Infantil, Drogadi\u00e7\u00e3o, Viol\u00eancia Dom\u00e9stica e Sexual entre outros.<\/p>\n","protected":false},"excerpt":{"rendered":"<p>O Estatuto da Crian\u00e7a e do Adolescente (ECA) completa esta semana 21 anos. E para comemorar, a Funda\u00e7\u00e3o Abrinq \u2013 Save the Children celebra a data com o semin\u00e1rio &#8220;Um Munic\u00edpio para as Crian\u00e7as: Avan\u00e7os e Desafios para a Garantia de Direitos&#8221; que acontece dos dias 13 a 15, em S\u00e3o Paulo (SP).<\/p>\n","protected":false},"author":83,"featured_media":25035,"comment_status":"open","ping_status":"open","sticky":false,"template":"","format":"standard","meta":{"site-sidebar-layout":"default","site-content-layout":"default","ast-global-header-display":"","ast-banner-title-visibility":"","ast-main-header-display":"","ast-hfb-above-header-display":"","ast-hfb-below-header-display":"","ast-hfb-mobile-header-display":"","site-post-title":"","ast-breadcrumbs-content":"","ast-featured-img":"","footer-sml-layout":"","theme-transparent-header-meta":"","adv-header-id-meta":"","stick-header-meta":"","header-above-stick-meta":"","header-main-stick-meta":"","header-below-stick-meta":""},"categories":[769,772],"tags":[],"acf":[],"_links":{"self":[{"href":"https:\/\/www.cnbb.org.br\/cnbb-app\/wp\/v2\/posts\/25034"}],"collection":[{"href":"https:\/\/www.cnbb.org.br\/cnbb-app\/wp\/v2\/posts"}],"about":[{"href":"https:\/\/www.cnbb.org.br\/cnbb-app\/wp\/v2\/types\/post"}],"author":[{"embeddable":true,"href":"https:\/\/www.cnbb.org.br\/cnbb-app\/wp\/v2\/users\/83"}],"replies":[{"embeddable":true,"href":"https:\/\/www.cnbb.org.br\/cnbb-app\/wp\/v2\/comments?post=25034"}],"version-history":[{"count":0,"href":"https:\/\/www.cnbb.org.br\/cnbb-app\/wp\/v2\/posts\/25034\/revisions"}],"wp:featuredmedia":[{"embeddable":true,"href":"https:\/\/www.cnbb.org.br\/cnbb-app\/wp\/v2\/media\/25035"}],"wp:attachment":[{"href":"https:\/\/www.cnbb.org.br\/cnbb-app\/wp\/v2\/media?parent=25034"}],"wp:term":[{"taxonomy":"category","embeddable":true,"href":"https:\/\/www.cnbb.org.br\/cnbb-app\/wp\/v2\/categories?post=25034"},{"taxonomy":"post_tag","embeddable":true,"href":"https:\/\/www.cnbb.org.br\/cnbb-app\/wp\/v2\/tags?post=25034"}],"curies":[{"name":"wp","href":"https:\/\/api.w.org\/{rel}","templated":true}]}}