{"id":250419,"date":"2020-10-11T11:28:00","date_gmt":"2020-10-11T14:28:00","guid":{"rendered":"https:\/\/www.cnbb.org.br\/?p=250419"},"modified":"2020-10-13T11:28:52","modified_gmt":"2020-10-13T14:28:52","slug":"xxviii-domingo-do-tempo-comum","status":"publish","type":"post","link":"https:\/\/www.cnbb.org.br\/xxviii-domingo-do-tempo-comum\/","title":{"rendered":"XXVIII Domingo do Tempo Comum"},"content":{"rendered":"<p style=\"text-align: right;\"><strong>Dom Eurico dos Santos Veloso<br \/>\n<\/strong><strong>Arcebispo Em\u00e9rito de Juiz de Fora (MG)<\/strong><\/p>\n<p style=\"text-align: justify;\"><strong>\u00a0<\/strong><\/p>\n<p style=\"text-align: justify;\"><em>\u201cPor que muitos s\u00e3o chamados, e poucos s\u00e3o escolhidos\u201d (Mt 22,14)\u201d<\/em><\/p>\n<p style=\"text-align: justify;\">Hoje, ao celebrar a Liturgia do XXVIII Domingo do Tempo Comum, somos convidados a refletir sobre as maravilhas que Deus tem a nos oferecer, em que o simbolismo desta maravilha \u00e9 o banquete, a festa que Deus prepara a todos os seus escolhidos.<\/p>\n<p style=\"text-align: justify;\">Na Primeira Leitura, extra\u00edda do Livro do Profeta Isa\u00edas <em>(cf. Is 25,6-10), <\/em>o autor demonstra o amor de Deus em oferecer um banquete com enorme fartura a seu povo. Onde promete al\u00e9m da comida e bebida, o pr\u00f3prio conforto para o fim do sofrimento de todos. \u201c<em>O Senhor Deus eliminar\u00e1 para sempre a morte e enxugar\u00e1 as l\u00e1grimas de todas as faces e acabar\u00e1 com a desonra do seu povo em toda a terra, o Senhor o disse. (cf. Is 25,8).<\/em><\/p>\n<p style=\"text-align: justify;\">O Salmo <em>(cf.<\/em> <em>Sl 22,1-3a.3b-4.5-6 (R. 6cd))<\/em> entoa esta grande maravilha do que Deus preparou para n\u00f3s: o Caminho de fartura para junto d\u2019Ele. <em>O Senhor \u00e9 o pastor que me conduz; n\u00e3o me falta coisa alguma. Pelos prados e campinas verdejantes ele me leva a descansar. Para as \u00e1guas repousantes me encaminha, e restaura as minhas for\u00e7as.\u201d (cf. Sl 22,1-3a)<\/em><\/p>\n<p style=\"text-align: justify;\">A Segunda Leitura, extra\u00edda da Carta de S\u00e3o Paulo aos Filipenses (Fl 4,6-9), \u201c<em>Paulo apresenta-nos um exemplo concreto de uma comunidade que aceitou o convite do Senhor e vive na din\u00e2mica do Reino: a comunidade crist\u00e3 de Filipos. \u00c9 uma comunidade generosa e solid\u00e1ria, verdadeiramente empenhada na viv\u00eancia do amor e em testemunhar o Evangelho diante de todos os homens. A comunidade de Filipos constitui, verdadeiramente, um exemplo que as comunidades do Reino devem ter presente&#8230;(<\/em> <em>https:\/\/www.dehonianos.org\/portal\/28o-domingo-do-tempo-comum-ano-a0\/ &#8211; acesso em 11 de out de 2020)\u201d<\/em><\/p>\n<p style=\"text-align: justify;\">O Evangelho, extra\u00eddo de Mateus (Mt 22,1-14), Jesus conta duas par\u00e1bolas: a primeira sobre o convite do rei que chama os convidados para a Festa Nupcial do seu Filho, por\u00e9m os convidados n\u00e3o aceitam o convite. Assim, o Rei manda seus empregados a chamar todos que est\u00e3o no caminho: <em>\u201c\u2019ide at\u00e9 \u00e0s encruzilhadas dos caminhos e convidai para a festa todos os que encontrardes.&#8217; Ent\u00e3o os empregados sa\u00edram pelos caminhos e reuniram todos os que encontraram, maus e bons.\u201d (cf. Mt 22,1-14)<\/em>. Ora, todos que foram convidados foram vestidos com trajes de festa, por\u00e9m o Rei percebeu que um homem ali n\u00e3o estava vestido adequadamente para a festa (segunda par\u00e1bola). <em>S\u00e3o Greg\u00f3rio Magno, em um coment\u00e1rio sobre esta par\u00e1bola, explica que aquele h\u00f3spede respondeu ao convite do Senhor para participar no seu banquete, de certa forma, tem a f\u00e9 que lhe abriu a porta da sala, mas falta-lhe algo essencial: a veste nupcial, que \u00e9 a caridade, o amor. Aqueles que foram chamados e comparecem, de alguma maneira, t\u00eam f\u00e9. \u00c9 a f\u00e9 que lhes abre a porta; mas falta-lhes o h\u00e1bito nupcial do amor. Quem n\u00e3o vive a f\u00e9 com amor, n\u00e3o est\u00e1 preparado para as n\u00fapcias e \u00e9 expulso (cf. S. GREG\u00d3RIO MAGNO, Homilia 38, 9; PL 76, 1287) &#8211; https:\/\/saojudastadeucgrj.org.br\/2017\/10\/13\/xxviii-domingo-do-tempo-comum-ano-a-2017\/ &#8211; acesso em 11 de out de 2020.<\/em><\/p>\n<p style=\"text-align: justify;\">Em suma, que possamos nos preparar para o <em>Banquete <\/em>que Deus fez para n\u00f3s, onde iremos desfrutar do pr\u00eamio ao escolher o Caminho que Ele designou a cada um de n\u00f3s ao viver com coer\u00eancia e amor, atrav\u00e9s da obedi\u00eancia e santidade em suas Palavras de Vida Eterna.<\/p>\n<p style=\"text-align: justify;\"><em>Sauda\u00e7\u00f5es em Cristo!<\/em><\/p>\n<p>&nbsp;<\/p>\n","protected":false},"excerpt":{"rendered":"<p>Dom Eurico dos Santos Veloso Arcebispo Em\u00e9rito de Juiz de Fora (MG) \u00a0 \u201cPor que muitos s\u00e3o chamados, e poucos s\u00e3o escolhidos\u201d (Mt 22,14)\u201d Hoje, ao celebrar a Liturgia do XXVIII Domingo do Tempo Comum, somos convidados a refletir sobre as maravilhas que Deus tem a nos oferecer, em que o simbolismo desta maravilha \u00e9 &hellip;<\/p>\n<p class=\"read-more\"> <a class=\"\" href=\"https:\/\/www.cnbb.org.br\/xxviii-domingo-do-tempo-comum\/\"> <span class=\"screen-reader-text\">XXVIII Domingo do Tempo Comum<\/span> Leia mais &raquo;<\/a><\/p>\n","protected":false},"author":73,"featured_media":0,"comment_status":"open","ping_status":"open","sticky":false,"template":"","format":"standard","meta":{"site-sidebar-layout":"default","site-content-layout":"default","ast-global-header-display":"","ast-banner-title-visibility":"","ast-main-header-display":"","ast-hfb-above-header-display":"","ast-hfb-below-header-display":"","ast-hfb-mobile-header-display":"","site-post-title":"","ast-breadcrumbs-content":"","ast-featured-img":"","footer-sml-layout":"","theme-transparent-header-meta":"default","adv-header-id-meta":"","stick-header-meta":"","header-above-stick-meta":"","header-main-stick-meta":"","header-below-stick-meta":""},"categories":[758],"tags":[],"acf":[],"_links":{"self":[{"href":"https:\/\/www.cnbb.org.br\/cnbb-app\/wp\/v2\/posts\/250419"}],"collection":[{"href":"https:\/\/www.cnbb.org.br\/cnbb-app\/wp\/v2\/posts"}],"about":[{"href":"https:\/\/www.cnbb.org.br\/cnbb-app\/wp\/v2\/types\/post"}],"author":[{"embeddable":true,"href":"https:\/\/www.cnbb.org.br\/cnbb-app\/wp\/v2\/users\/73"}],"replies":[{"embeddable":true,"href":"https:\/\/www.cnbb.org.br\/cnbb-app\/wp\/v2\/comments?post=250419"}],"version-history":[{"count":0,"href":"https:\/\/www.cnbb.org.br\/cnbb-app\/wp\/v2\/posts\/250419\/revisions"}],"wp:attachment":[{"href":"https:\/\/www.cnbb.org.br\/cnbb-app\/wp\/v2\/media?parent=250419"}],"wp:term":[{"taxonomy":"category","embeddable":true,"href":"https:\/\/www.cnbb.org.br\/cnbb-app\/wp\/v2\/categories?post=250419"},{"taxonomy":"post_tag","embeddable":true,"href":"https:\/\/www.cnbb.org.br\/cnbb-app\/wp\/v2\/tags?post=250419"}],"curies":[{"name":"wp","href":"https:\/\/api.w.org\/{rel}","templated":true}]}}