{"id":25043,"date":"2011-08-08T00:00:00","date_gmt":"2011-08-08T03:00:00","guid":{"rendered":"https:\/\/www.cnbb.org.br\/festa-de-nosso-senhor-dos-castores-reune-40-mil-pessoas-na-diocese-de-sao-jose-do-rio-preto\/"},"modified":"2011-08-08T00:00:00","modified_gmt":"2011-08-08T03:00:00","slug":"festa-de-nosso-senhor-dos-castores-reune-40-mil-pessoas-na-diocese-de-sao-jose-do-rio-preto","status":"publish","type":"post","link":"https:\/\/www.cnbb.org.br\/festa-de-nosso-senhor-dos-castores-reune-40-mil-pessoas-na-diocese-de-sao-jose-do-rio-preto\/","title":{"rendered":"Festa de Nosso Senhor dos Castores re\u00fane 40 mil pessoas na diocese de S\u00e3o Jos\u00e9 do Rio Preto"},"content":{"rendered":"<p style=\"text-align: justify\">Cerca de 40 mil pessoas participaram no s\u00e1bado, 6, da 102\u00aa Festa de Bom Jesus dos Castores, que aconteceu no Santu\u00e1rio do Senhor Bom Jesus, munic\u00edpio de Onda Verde (SP).<\/p>\n<p><!--more--><\/p>\n<p style=\"text-align: justify\">A primeira missa, que marcou a abertura das solenidades, foi celebrada pelo bispo diocesano de S\u00e3o Jos\u00e9 do Rio Preto, dom Paulo Mendes Peixoto, na madrugada de s\u00e1bado. O encontro aconteceu logo ap\u00f3s a caminhada penitencial entre a sede da diocese e o Santu\u00e1rio. Milhares de devotos, pagando promessas ou agradecendo gra\u00e7as alcan\u00e7adas, percorreram pouco mais de 20 km na Rodovia Transbrasiliana (BR 153). \u201cO caminho do Senhor Bom Jesus dos Castores nos leva a descobrir o que Cristo quer de n\u00f3s\u201d, disse dom Paulo durante sua reflex\u00e3o.<\/p>\n<p style=\"text-align: justify\">Nem o cansa\u00e7o nem o frio foram capazes de diminuir a anima\u00e7\u00e3o dos milhares de jovens que marcaram presen\u00e7a na \u201cmissa da meia noite\u201d, como ficou conhecida a concentra\u00e7\u00e3o. Usando roupas claras, a juventude deixou o seu recado: \u201cas camisetas brancas representam uma manifesta\u00e7\u00e3o de paz; que deve ser cultivada por todos n\u00f3s\u201d, disse o reitor do Santu\u00e1rio, padre Alexandre Ferreira dos Santos.<\/p>\n<p style=\"text-align: justify\">No final da Celebra\u00e7\u00e3o, dom Paulo promoveu a b\u00ean\u00e7\u00e3o e envio dos jovens que representar\u00e3o a diocese na Jornada Mundial da Juventude (JMJ) que acontece em Madri, nesse m\u00eas de agosto. O grupo ser\u00e1 acompanhado pelo padre Silvio Roberto dos Santos, assessor diocesano do Setor Juventude. \u201cO jovem que tem f\u00e9 precisar ir atr\u00e1s de outros jovens. O brilho de Cristo, nos nossos cora\u00e7\u00f5es, s\u00f3 depende de n\u00f3s\u201d, concluiu dom Paulo.<\/p>\n","protected":false},"excerpt":{"rendered":"<p>Cerca de 40 mil pessoas participaram no s\u00e1bado, 6, da 102\u00aa Festa de Bom Jesus dos Castores, que aconteceu no Santu\u00e1rio do Senhor Bom Jesus, munic\u00edpio de Onda Verde (SP).<\/p>\n","protected":false},"author":83,"featured_media":25044,"comment_status":"open","ping_status":"open","sticky":false,"template":"","format":"standard","meta":{"site-sidebar-layout":"default","site-content-layout":"default","ast-global-header-display":"","ast-banner-title-visibility":"","ast-main-header-display":"","ast-hfb-above-header-display":"","ast-hfb-below-header-display":"","ast-hfb-mobile-header-display":"","site-post-title":"","ast-breadcrumbs-content":"","ast-featured-img":"","footer-sml-layout":"","theme-transparent-header-meta":"","adv-header-id-meta":"","stick-header-meta":"","header-above-stick-meta":"","header-main-stick-meta":"","header-below-stick-meta":""},"categories":[769,772],"tags":[],"acf":[],"_links":{"self":[{"href":"https:\/\/www.cnbb.org.br\/cnbb-app\/wp\/v2\/posts\/25043"}],"collection":[{"href":"https:\/\/www.cnbb.org.br\/cnbb-app\/wp\/v2\/posts"}],"about":[{"href":"https:\/\/www.cnbb.org.br\/cnbb-app\/wp\/v2\/types\/post"}],"author":[{"embeddable":true,"href":"https:\/\/www.cnbb.org.br\/cnbb-app\/wp\/v2\/users\/83"}],"replies":[{"embeddable":true,"href":"https:\/\/www.cnbb.org.br\/cnbb-app\/wp\/v2\/comments?post=25043"}],"version-history":[{"count":0,"href":"https:\/\/www.cnbb.org.br\/cnbb-app\/wp\/v2\/posts\/25043\/revisions"}],"wp:featuredmedia":[{"embeddable":true,"href":"https:\/\/www.cnbb.org.br\/cnbb-app\/wp\/v2\/media\/25044"}],"wp:attachment":[{"href":"https:\/\/www.cnbb.org.br\/cnbb-app\/wp\/v2\/media?parent=25043"}],"wp:term":[{"taxonomy":"category","embeddable":true,"href":"https:\/\/www.cnbb.org.br\/cnbb-app\/wp\/v2\/categories?post=25043"},{"taxonomy":"post_tag","embeddable":true,"href":"https:\/\/www.cnbb.org.br\/cnbb-app\/wp\/v2\/tags?post=25043"}],"curies":[{"name":"wp","href":"https:\/\/api.w.org\/{rel}","templated":true}]}}