{"id":25045,"date":"2011-08-08T00:00:00","date_gmt":"2011-08-08T03:00:00","guid":{"rendered":"https:\/\/www.cnbb.org.br\/diocese-apoia-associacao-contra-a-construcao-de-hidreletricas\/"},"modified":"2011-08-08T00:00:00","modified_gmt":"2011-08-08T03:00:00","slug":"diocese-apoia-associacao-contra-a-construcao-de-hidreletricas","status":"publish","type":"post","link":"https:\/\/www.cnbb.org.br\/diocese-apoia-associacao-contra-a-construcao-de-hidreletricas\/","title":{"rendered":"Diocese apoia associa\u00e7\u00e3o contra a constru\u00e7\u00e3o de hidrel\u00e9tricas"},"content":{"rendered":"<p style=\"text-align: justify\">O bispo de S\u00e3o Jos\u00e9 do Rio Preto, dom Paulo Mendes Peixoto, recebeu na sexta-feira, 5, membros da Associa\u00e7\u00e3o de Defesa do Meio Ambiente, dos Rios Turvo e Preto e da Cachoeira do Talhad\u00e3o (AMERTP), deputados e padres para discutir o projeto de instala\u00e7\u00e3o de Pequenas Centrais El\u00e9tricas no Rio Turvo.<\/p>\n<p><!--more--><\/p>\n<p style=\"text-align: justify\">A diocese, contr\u00e1ria \u00e0 constru\u00e7\u00e3o das hidrel\u00e9tricas, reafirmou o seu posicionamento durante encontro realizado na sede da diocese. O bispo acolheu os presentes refletindo sobre o papel da Igreja na defesa da vida. Em sintonia com as conclus\u00f5es da Campanha da Fraternidade 2011, dom Paulo afirmou que o progresso n\u00e3o pode estar a servi\u00e7o de interesses particulares. \u201cA Igreja \u00e9 a favor (do progresso), mas quando ele n\u00e3o traz benef\u00edcios para a coletividade precisamos nos posicionar contra\u201d, disse dom Paulo.<\/p>\n<p style=\"text-align: justify\">O secret\u00e1rio estadual do Meio Ambiente, Bruno Covas, foi representado no encontro pelo jornalista Mario Welber. O assessor se comprometeu em sintonizar o deputado licenciado sobre os pontos discutidos.<\/p>\n<p style=\"text-align: justify\"><strong>Dados de relat\u00f3rio s\u00e3o apresentados<\/strong><\/p>\n<p style=\"text-align: justify\">Membros da Associa\u00e7\u00e3o de Defesa do Meio Ambiente, dos Rios Turvo e Preto e da Cachoeira do Talhad\u00e3o (AMERTP) subsidiaram os presentes com informa\u00e7\u00f5es. \u00a0\u00a0 \u00a0Gisele de Oliveira Garcia Paschoeto, em nome da Associa\u00e7\u00e3o, disse que aproximadamente 1.100 hectares dever\u00e3o ser inundados com a constru\u00e7\u00e3o das barragens. Fauna e flora seriam diretamente atingidas, ocasionando a extin\u00e7\u00e3o de algumas esp\u00e9cies de peixes; entre outros animais. A pesca tamb\u00e9m seria prejudicada. \u201cA vida ser\u00e1 gravemente afetada\u201d, disse ela.<\/p>\n<p style=\"text-align: justify\">Os munic\u00edpios de Palestina, Paulo de Faria, Riol\u00e2ndia, Orindi\u00fava e Postes Gestal, que comp\u00f5em a diocese, seriam diretamente atingidos pelas consequ\u00eancias das obras propostas pela construtora Encalso.<\/p>\n<p style=\"text-align: justify\"><strong>Campanha da Fraternidade<\/strong><\/p>\n<p style=\"text-align: justify\">Em sintonia com a Campanha da Fraternidade 2011, \u201cFraternidade e Vida no Planeta\u201d, a diocese est\u00e1 empenhada em participar das discuss\u00f5es acerca da mat\u00e9ria em pauta (constru\u00e7\u00e3o das pequenas centrais el\u00e9tricas).<\/p>\n<p>Vale destacar que a CF-2011 teve por objetivo aprofundar o debate sobre as mudan\u00e7as clim\u00e1ticas, o efeito estufa, a quest\u00e3o energ\u00e9tica, o desenvolvimento, a preserva\u00e7\u00e3o da vida, o agroneg\u00f3cio, a biodiversidade e a utiliza\u00e7\u00e3o da \u00e1gua.<\/p>\n<p>Participaram da reuni\u00e3o os deputados Jo\u00e3o Paulo Rillo, Itamar Borges, Sebasti\u00e3o dos Santos e Eleuses Paiva. Os parlamentares Edinho Ara\u00fajo, Vaz de Lima, Orlando Bol\u00e7one e Carl\u00e3o Pignatari foram representados por seus assessores.<\/p>\n","protected":false},"excerpt":{"rendered":"<p>O bispo de S\u00e3o Jos\u00e9 do Rio Preto, dom Paulo Mendes Peixoto, recebeu na sexta-feira, 5, membros da Associa\u00e7\u00e3o de Defesa do Meio Ambiente, dos Rios Turvo e Preto e da Cachoeira do Talhad\u00e3o (AMERTP), deputados e padres para discutir o projeto de instala\u00e7\u00e3o de Pequenas Centrais El\u00e9tricas no Rio Turvo.<\/p>\n","protected":false},"author":83,"featured_media":25046,"comment_status":"open","ping_status":"open","sticky":false,"template":"","format":"standard","meta":{"site-sidebar-layout":"default","site-content-layout":"default","ast-global-header-display":"","ast-banner-title-visibility":"","ast-main-header-display":"","ast-hfb-above-header-display":"","ast-hfb-below-header-display":"","ast-hfb-mobile-header-display":"","site-post-title":"","ast-breadcrumbs-content":"","ast-featured-img":"","footer-sml-layout":"","theme-transparent-header-meta":"","adv-header-id-meta":"","stick-header-meta":"","header-above-stick-meta":"","header-main-stick-meta":"","header-below-stick-meta":""},"categories":[769,772],"tags":[],"acf":[],"_links":{"self":[{"href":"https:\/\/www.cnbb.org.br\/cnbb-app\/wp\/v2\/posts\/25045"}],"collection":[{"href":"https:\/\/www.cnbb.org.br\/cnbb-app\/wp\/v2\/posts"}],"about":[{"href":"https:\/\/www.cnbb.org.br\/cnbb-app\/wp\/v2\/types\/post"}],"author":[{"embeddable":true,"href":"https:\/\/www.cnbb.org.br\/cnbb-app\/wp\/v2\/users\/83"}],"replies":[{"embeddable":true,"href":"https:\/\/www.cnbb.org.br\/cnbb-app\/wp\/v2\/comments?post=25045"}],"version-history":[{"count":0,"href":"https:\/\/www.cnbb.org.br\/cnbb-app\/wp\/v2\/posts\/25045\/revisions"}],"wp:featuredmedia":[{"embeddable":true,"href":"https:\/\/www.cnbb.org.br\/cnbb-app\/wp\/v2\/media\/25046"}],"wp:attachment":[{"href":"https:\/\/www.cnbb.org.br\/cnbb-app\/wp\/v2\/media?parent=25045"}],"wp:term":[{"taxonomy":"category","embeddable":true,"href":"https:\/\/www.cnbb.org.br\/cnbb-app\/wp\/v2\/categories?post=25045"},{"taxonomy":"post_tag","embeddable":true,"href":"https:\/\/www.cnbb.org.br\/cnbb-app\/wp\/v2\/tags?post=25045"}],"curies":[{"name":"wp","href":"https:\/\/api.w.org\/{rel}","templated":true}]}}