{"id":25058,"date":"2011-08-26T00:00:00","date_gmt":"2011-08-26T03:00:00","guid":{"rendered":"https:\/\/www.cnbb.org.br\/dom-bruno-gamberini-segue-internado-e-seu-quadro-clinico-e-estavel\/"},"modified":"2011-08-26T00:00:00","modified_gmt":"2011-08-26T03:00:00","slug":"dom-bruno-gamberini-segue-internado-e-seu-quadro-clinico-e-estavel","status":"publish","type":"post","link":"https:\/\/www.cnbb.org.br\/dom-bruno-gamberini-segue-internado-e-seu-quadro-clinico-e-estavel\/","title":{"rendered":"Dom Bruno Gamberini segue internado e seu quadro cl\u00ednico \u00e9 est\u00e1vel"},"content":{"rendered":"<p style=\"text-align: justify\">O arcebispo de Campinas (SP), dom Bruno Gamberini, permanece internado na Unidade Coron\u00e1ria (UCO) do Hospital e Maternidade Celso Pierro, da Pontif\u00edcia Universidade Cat\u00f3lica de Campinas.<\/p>\n<p>  <!--more-->  <\/p>\n<p style=\"text-align: justify\">Dom Bruno teve uma crise convulsiva e, por isso, permanecer\u00e1 sedado por mais 48h e passar\u00e1 por avalia\u00e7\u00e3o de um m\u00e9dico especialista em f\u00edgado.<\/p>\n<p style=\"text-align: justify\">O quadro cl\u00ednico \u00e9 est\u00e1vel, por\u00e9m de alt\u00edssima gravidade. Por orienta\u00e7\u00e3o m\u00e9dica, as visitas est\u00e3o suspensas.<\/p>\n<p style=\"text-align: justify\">Dom Gamberini foi internado pela primeira vez no dia 22 de junho. Em nota divulgada pela assessoria de imprensa da arquidiocese, dom Bruno \u201cmanifestou indisposi\u00e7\u00e3o\u201d, na manh\u00e3 do dia 20 daquele m\u00eas. O arcebispo apresentava, na \u00e9poca, um quadro de encefalopatia, ou seja, uma complica\u00e7\u00e3o da diabetes que provoca o mau funcionamento do f\u00edgado mantendo toxinas no organismo.<\/p>\n","protected":false},"excerpt":{"rendered":"<p>O arcebispo de Campinas (SP), dom Bruno Gamberini, permanece internado na Unidade Coron\u00e1ria (UCO) do Hospital e Maternidade Celso Pierro, da Pontif\u00edcia Universidade Cat\u00f3lica de Campinas.<\/p>\n","protected":false},"author":83,"featured_media":16094,"comment_status":"open","ping_status":"open","sticky":false,"template":"","format":"standard","meta":{"site-sidebar-layout":"default","site-content-layout":"default","ast-global-header-display":"","ast-banner-title-visibility":"","ast-main-header-display":"","ast-hfb-above-header-display":"","ast-hfb-below-header-display":"","ast-hfb-mobile-header-display":"","site-post-title":"","ast-breadcrumbs-content":"","ast-featured-img":"","footer-sml-layout":"","theme-transparent-header-meta":"","adv-header-id-meta":"","stick-header-meta":"","header-above-stick-meta":"","header-main-stick-meta":"","header-below-stick-meta":""},"categories":[769,772],"tags":[],"acf":[],"_links":{"self":[{"href":"https:\/\/www.cnbb.org.br\/cnbb-app\/wp\/v2\/posts\/25058"}],"collection":[{"href":"https:\/\/www.cnbb.org.br\/cnbb-app\/wp\/v2\/posts"}],"about":[{"href":"https:\/\/www.cnbb.org.br\/cnbb-app\/wp\/v2\/types\/post"}],"author":[{"embeddable":true,"href":"https:\/\/www.cnbb.org.br\/cnbb-app\/wp\/v2\/users\/83"}],"replies":[{"embeddable":true,"href":"https:\/\/www.cnbb.org.br\/cnbb-app\/wp\/v2\/comments?post=25058"}],"version-history":[{"count":0,"href":"https:\/\/www.cnbb.org.br\/cnbb-app\/wp\/v2\/posts\/25058\/revisions"}],"wp:featuredmedia":[{"embeddable":true,"href":"https:\/\/www.cnbb.org.br\/cnbb-app\/wp\/v2\/media\/16094"}],"wp:attachment":[{"href":"https:\/\/www.cnbb.org.br\/cnbb-app\/wp\/v2\/media?parent=25058"}],"wp:term":[{"taxonomy":"category","embeddable":true,"href":"https:\/\/www.cnbb.org.br\/cnbb-app\/wp\/v2\/categories?post=25058"},{"taxonomy":"post_tag","embeddable":true,"href":"https:\/\/www.cnbb.org.br\/cnbb-app\/wp\/v2\/tags?post=25058"}],"curies":[{"name":"wp","href":"https:\/\/api.w.org\/{rel}","templated":true}]}}