{"id":250581,"date":"2020-10-15T20:05:01","date_gmt":"2020-10-15T23:05:01","guid":{"rendered":"https:\/\/www.cnbb.org.br\/?p=250581"},"modified":"2020-10-15T20:05:01","modified_gmt":"2020-10-15T23:05:01","slug":"regional-norte-3-da-cnbb-comemora-primeiro-ano-do-sinodo-para-a-amazonia-com-encontro-online","status":"publish","type":"post","link":"https:\/\/www.cnbb.org.br\/regional-norte-3-da-cnbb-comemora-primeiro-ano-do-sinodo-para-a-amazonia-com-encontro-online\/","title":{"rendered":"Regional Norte 3 da CNBB comemora primeiro ano do S\u00ednodo para a Amaz\u00f4nia com encontro online"},"content":{"rendered":"<p style=\"text-align: justify;\">Para comemorar o primeiro ano, depois da realiza\u00e7\u00e3o do S\u00ednodo para a Amaz\u00f4nia, o Regional Norte 3 da CNBB, re\u00fane, virtualmente, cerca de 100 delegados e delegadas, nos dias 13 e 14 de outubro, das 9hs ao meio dia.<\/p>\n<p style=\"text-align: justify;\">\u00c9 triste afirmar que a situa\u00e7\u00e3o, em todos os \u00edndices \u2013 humano, social, econ\u00f4mico, cultural e ecol\u00f3gico -, s\u00f3 pioraram, desde a realiza\u00e7\u00e3o do S\u00ednodo. \u201cOs buracos, pelos quais passavam bois, est\u00e3o passando boiadas\u201d, como diz o ditado popular. Da\u00ed a import\u00e2ncia de sermos guardi\u00f5es proativos da nossa Casa Comum que est\u00e1, literalmente, pegando fogo.<\/p>\n<p style=\"text-align: justify;\">Com o tema \u201cretomada do caminho sinodal\u201d, esta Assembleia foi assessorada pela REPAM Brasil, contou com a participa\u00e7\u00e3o dos sete bispos das dioceses que comp\u00f5em o Regional, de padres, di\u00e1conos, seminaristas, religiosos e religiosas e de leigos e leigas, que fizeram a caminhada sinodal, desde a sua convoca\u00e7\u00e3o, passando pelas escutas e consultas, a realiza\u00e7\u00e3o propriamente do S\u00ednodo e a acolhida fervorosa da Querida Amaz\u00f4nia.<\/p>\n<p style=\"text-align: justify;\">Vamos acompanhar com interesse e ora\u00e7\u00e3o a realiza\u00e7\u00e3o deste evento. Esta \u00e9 a hora do nosso protagonismo, enquanto Igreja sinodal, em estado permanente de miss\u00e3o.<\/p>\n<pre><em>Texto e foto: Dom Pedro Brito \u2013 arcebispo de Palmas<\/em><\/pre>\n<div id=\"wp-share-button-5347\" class=\"wp-share-button theme13\" style=\"text-align: justify;\"><\/div>\n","protected":false},"excerpt":{"rendered":"<p>Com o tema \u201cretomada do caminho sinodal, o encontro contou com a participa\u00e7\u00e3o dos sete bispos das dioceses que comp\u00f5em o Regional, de padres, di\u00e1conos, seminaristas, religiosos e leigos<\/p>\n","protected":false},"author":83,"featured_media":250582,"comment_status":"open","ping_status":"open","sticky":false,"template":"","format":"standard","meta":{"site-sidebar-layout":"default","site-content-layout":"default","ast-global-header-display":"","ast-banner-title-visibility":"","ast-main-header-display":"","ast-hfb-above-header-display":"","ast-hfb-below-header-display":"","ast-hfb-mobile-header-display":"","site-post-title":"","ast-breadcrumbs-content":"","ast-featured-img":"","footer-sml-layout":"","theme-transparent-header-meta":"default","adv-header-id-meta":"","stick-header-meta":"","header-above-stick-meta":"","header-main-stick-meta":"","header-below-stick-meta":""},"categories":[864],"tags":[],"acf":[],"_links":{"self":[{"href":"https:\/\/www.cnbb.org.br\/cnbb-app\/wp\/v2\/posts\/250581"}],"collection":[{"href":"https:\/\/www.cnbb.org.br\/cnbb-app\/wp\/v2\/posts"}],"about":[{"href":"https:\/\/www.cnbb.org.br\/cnbb-app\/wp\/v2\/types\/post"}],"author":[{"embeddable":true,"href":"https:\/\/www.cnbb.org.br\/cnbb-app\/wp\/v2\/users\/83"}],"replies":[{"embeddable":true,"href":"https:\/\/www.cnbb.org.br\/cnbb-app\/wp\/v2\/comments?post=250581"}],"version-history":[{"count":0,"href":"https:\/\/www.cnbb.org.br\/cnbb-app\/wp\/v2\/posts\/250581\/revisions"}],"wp:featuredmedia":[{"embeddable":true,"href":"https:\/\/www.cnbb.org.br\/cnbb-app\/wp\/v2\/media\/250582"}],"wp:attachment":[{"href":"https:\/\/www.cnbb.org.br\/cnbb-app\/wp\/v2\/media?parent=250581"}],"wp:term":[{"taxonomy":"category","embeddable":true,"href":"https:\/\/www.cnbb.org.br\/cnbb-app\/wp\/v2\/categories?post=250581"},{"taxonomy":"post_tag","embeddable":true,"href":"https:\/\/www.cnbb.org.br\/cnbb-app\/wp\/v2\/tags?post=250581"}],"curies":[{"name":"wp","href":"https:\/\/api.w.org\/{rel}","templated":true}]}}