{"id":250599,"date":"2020-10-16T08:47:07","date_gmt":"2020-10-16T11:47:07","guid":{"rendered":"https:\/\/www.cnbb.org.br\/?p=250599"},"modified":"2020-10-16T08:48:47","modified_gmt":"2020-10-16T11:48:47","slug":"jornada-mundial-da-juventude-lanca-a-logomarca-do-evento-que-acontecera-em-portugal-em-2023","status":"publish","type":"post","link":"https:\/\/www.cnbb.org.br\/jornada-mundial-da-juventude-lanca-a-logomarca-do-evento-que-acontecera-em-portugal-em-2023\/","title":{"rendered":"Jornada Mundial da Juventude lan\u00e7a a logomarca do evento que acontecer\u00e1 em Portugal em 2023"},"content":{"rendered":"<p style=\"text-align: justify;\">Hoje, 16 de outubro, o logotipo da Jornada Mundial da Juventude (JMJ) de 2023 foi oficialmente apresentado em Lisboa, Portugal. A triagem inicial dos trabalhos foi feita por uma equipe de acad\u00eamicos da Universidade Cat\u00f3lica Portuguesa que selecionou as 21 melhores propostas.<\/p>\n<p style=\"text-align: justify;\">As propostas foram avaliadas por profissionais da \u00e1rea do marketing e da comunica\u00e7\u00e3o, provenientes de ag\u00eancias comunica\u00e7\u00e3o presentes em Portugal, que elegeram tr\u00eas finalistas. Coube depois ao Dicast\u00e9rio para os Leigos, Fam\u00edlia e Vida do Vaticano selecionar a proposta vencedora.<\/p>\n<p style=\"text-align: justify;\">No atual contexto, o Comit\u00ea Organizador Local da JMJ Lisboa 2023 continua a dar prioridade \u00e0s necessidades daqueles que t\u00eam sido afetados pela pandemia, sem perder de vista a organiza\u00e7\u00e3o do evento. As equipes de trabalho, em di\u00e1logo cont\u00ednuo com a Santa S\u00e9, prosseguem os preparativos deste encontro de jovens que, h\u00e1 mais de tr\u00eas d\u00e9cadas, \u00e9 para todo o mundo sinal de esperan\u00e7a, uni\u00e3o e solidariedade.<\/p>\n<h3 style=\"text-align: justify;\">Um logo Mariano que nasceu da delicadeza e servi\u00e7o de uma jovem<\/h3>\n<p style=\"text-align: justify;\">A vencedora do concurso para o logo da JMJ foi a designer portuguesa de 24 anos, Beatriz Roque Antunes, a jovem que criou a imagem oficial da JMJ Lisboa 2023 diz que \u00e9 preciso que os jovens n\u00e3o se acomodem, que construam uma sociedade mais justa e tomem o mundo nas suas m\u00e3os.<\/p>\n<h3>Como Maria, Beatriz esperou<\/h3>\n<p style=\"text-align: justify;\">Depois de ter enviado o seu trabalho para o concurso que escolheu o logo oficial da JMJ, a jovem esperou ansiosamente v\u00e1rias semanas por um telefonema. \u201cQueria muito ganhar\u201d, admite. \u201cO meu pai diz \u2018aquilo que n\u00f3s queremos muito, muito Deus nos d\u00e1\u2019. Eu lembro de ter uma conversa com ele e dizer: \u2018mas eu quero muito pai, n\u00e3o d\u00e1 para querer mais\u2019. E ele me respondeu: \u2018ent\u00e3o faz a tua parte! Mais, n\u00e3o pode fazer.&#8217;\u201d<\/p>\n<p style=\"text-align: justify;\">Certo dia, Beatriz recebeu uma chamada telef\u00f4nica: \u201cuma vez, at\u00e9 me telefonaram do dentista e eu achei que podia ser algu\u00e9m da JMJ\u201d, conta, entusiasmada. \u201cDepois, quando me disseram que era a vencedora, demorei um pouco a assimilar a not\u00edcia. Significa muito para mim. N\u00e3o \u00e9 todos os dias que posso colocar ao dispor da f\u00e9 e da Igreja aquilo que acho que s\u00e3o os meus talentos.\u201d<\/p>\n<p style=\"text-align: justify;\">A criadora da logo conta que sua irm\u00e3 e uns amigos estavam preparando uma proposta para o concurso do hino. &#8220;Fui acompanhando a reflex\u00e3o que eles faziam sobre o tema e fiquei com vontade de fazer a minha parte\u201d, conta, acrescentando que \u00e0 medida que os dias passavam o tema \u201cMaria levantou-se e partiu apressadamente\u201d (Lc1, 39) ganhava cada vez mais espa\u00e7o na sua ora\u00e7\u00e3o e no seu pensamento. \u201cDecidi tirar uma semana de f\u00e9rias mesmo antes da data limite para a entrega do trabalho, e at\u00e9 ao \u00faltimo dia estive sempre trabalhando na proposta&#8221;.<\/p>\n<p style=\"text-align: justify;\">Al\u00e9m da an\u00e1lise dos logotipos das diferentes edi\u00e7\u00f5es internacionais da JMJ, Beatriz fez tamb\u00e9m uma pesquisa sobre marcas e imagens que trabalhassem a identidade nacional e promovessem a ideia de equipe. \u201cDepois percebi que tinha duas alternativas: ou fazia uma proposta com uma identidade crist\u00e3 assumida ou uma coisa que at\u00e9 podia ser legal, mas n\u00e3o tinha uma identidade marcada\u201d, recorda.<\/p>\n<p style=\"text-align: justify;\">\u201cEscolhi a primeira hip\u00f3tese.\u201d Come\u00e7ou pela cruz, criou o caminho que a atravessa e, aos poucos, nasceu o rosto jovem de Maria. O ter\u00e7o surgiu mais tarde para assinalar a devo\u00e7\u00e3o portuguesa a Nossa Senhora de F\u00e1tima. \u201cComo nos diz a passagem que \u00e9 o lema da JMJ Lisboa 2023, Maria n\u00e3o se acomoda e vai visitar a prima. \u00c9 esse o convite aos jovens: que n\u00e3o se acomodem, que fa\u00e7am acontecer, que construam e n\u00e3o deixem o destino do mundo nas m\u00e3os dos outros. Precisamos todos que os jovens tomem o mundo nas suas m\u00e3os.\u201d\u00a0\u201cE Nossa Senhora n\u00e3o tem medo! Parece que quando temos Jesus conosco, h\u00e1 coragem, mas uma coragem ainda maior.\u201d, disse a jovem.<\/p>\n<h3 style=\"text-align: justify;\">Significados<\/h3>\n<p style=\"text-align: justify;\"><img decoding=\"async\" loading=\"lazy\" class=\"size-medium wp-image-250601 alignright\" src=\"https:\/\/www.cnbb.org.br\/wp-content\/uploads\/2020\/10\/Logo-JMJ-2023-Portugal-300x225.png\" alt=\"\" width=\"300\" height=\"225\" srcset=\"https:\/\/www.cnbb.org.br\/wp-content\/uploads\/2020\/10\/Logo-JMJ-2023-Portugal-300x225.png 300w, https:\/\/www.cnbb.org.br\/wp-content\/uploads\/2020\/10\/Logo-JMJ-2023-Portugal-768x575.png 768w, https:\/\/www.cnbb.org.br\/wp-content\/uploads\/2020\/10\/Logo-JMJ-2023-Portugal-500x375.png 500w, https:\/\/www.cnbb.org.br\/wp-content\/uploads\/2020\/10\/Logo-JMJ-2023-Portugal.png 801w\" sizes=\"(max-width: 300px) 100vw, 300px\" \/>Inspirado no tema \u201cMaria levantou-se e partiu apressadamente\u201d (Lc 1, 39), tem a Cruz como elemento central. Esta \u00e9 atravessada por um caminho onde surge o Esp\u00edrito Santo. Trata-se de um convite aos jovens para que n\u00e3o se acomodem e sejam protagonistas da constru\u00e7\u00e3o de um mundo mais justo e fraterno.<\/p>\n<p><strong>As cores<br \/>\n<\/strong>O verde, vermelho e o amarelo evocam as cores da bandeira portuguesa.<\/p>\n<p><strong>Cruz<\/strong><br \/>\nA Cruz de Cristo, sinal do amor infinito de Deus pela humanidade, \u00e9 o elemento central, de onde tudo nasce.<\/p>\n<p><strong>Caminho<\/strong><br \/>\nTal como indica o relato da Visita\u00e7\u00e3o que d\u00e1 tema \u00e0 JMJ Lisboa 2023, Maria parte, pondo-se a caminho para viver a vontade de Deus, e dispondo-se a servir Isabel. Este movimento sublinha o convite feito aos jovens para renovarem \u2018o vigor interior, os sonhos, o entusiasmo, a esperan\u00e7a e a generosidade\u2019 (Christus Vivit, 20). Ao acompanhar o caminho surge, ainda, uma forma din\u00e2mica que evoca o Esp\u00edrito Santo.<\/p>\n<p><strong>Ter\u00e7o<\/strong><br \/>\nA op\u00e7\u00e3o pelo ter\u00e7o celebra a espiritualidade do povo portugu\u00eas na sua devo\u00e7\u00e3o \u00e0 Nossa Senhora de F\u00e1tima. Este \u00e9 colocado no caminho para invocar a experi\u00eancia de peregrina\u00e7\u00e3o que \u00e9 t\u00e3o marcante em Portugal.<\/p>\n<p><strong>Maria<\/strong><br \/>\nMaria foi desenhada jovem para representar a figura do Evangelho de S\u00e3o Lucas (Lc 1, 39) e potenciar uma maior identifica\u00e7\u00e3o com os jovens. O desenho exprime a juventude pr\u00f3pria da sua idade, caracter\u00edstica de quem ainda n\u00e3o foi m\u00e3e, mas carrega em si a luz do mundo. Esta figura aparece levemente inclinada, para mostrar a atitude decidida da Virgem Maria.<\/p>\n<p><strong>Saiba mais sobre a JMJ e sobre a cria\u00e7\u00e3o da marca:<\/strong><\/p>\n<div class=\"ast-oembed-container\" style=\"height: 100%;\">\n<div style=\"max-width: 1333px;\">\n<div style=\"left: 0; width: 100%; height: 0; position: relative; padding-bottom: 56.25%;\"><iframe title=\"O logo oficial da JMJ Lisboa 2023!\" src=\"https:\/\/www.youtube.com\/embed\/M82sqKQupVI?rel=0\" style=\"border: 0; top: 0; left: 0; width: 100%; height: 100%; position: absolute;\" allowfullscreen scrolling=\"no\" allow=\"encrypted-media; accelerometer; gyroscope; picture-in-picture\"><\/iframe><\/div>\n<\/div>\n<\/div>\n","protected":false},"excerpt":{"rendered":"<p>A vencedora do concurso para o logo da JMJ foi a designer portuguesa de 24 anos, Beatriz Roque Antunes.  A jovem que criou a imagem oficial da JMJ Lisboa 2023 diz que \u00e9 preciso que os jovens n\u00e3o se acomodem, que construam uma sociedade mais justa e tomem o mundo nas suas m\u00e3os<\/p>\n","protected":false},"author":83,"featured_media":250600,"comment_status":"open","ping_status":"open","sticky":false,"template":"","format":"standard","meta":{"site-sidebar-layout":"default","site-content-layout":"default","ast-global-header-display":"","ast-banner-title-visibility":"","ast-main-header-display":"","ast-hfb-above-header-display":"","ast-hfb-below-header-display":"","ast-hfb-mobile-header-display":"","site-post-title":"","ast-breadcrumbs-content":"","ast-featured-img":"","footer-sml-layout":"","theme-transparent-header-meta":"default","adv-header-id-meta":"","stick-header-meta":"","header-above-stick-meta":"","header-main-stick-meta":"","header-below-stick-meta":""},"categories":[775,50],"tags":[2989],"acf":[],"_links":{"self":[{"href":"https:\/\/www.cnbb.org.br\/cnbb-app\/wp\/v2\/posts\/250599"}],"collection":[{"href":"https:\/\/www.cnbb.org.br\/cnbb-app\/wp\/v2\/posts"}],"about":[{"href":"https:\/\/www.cnbb.org.br\/cnbb-app\/wp\/v2\/types\/post"}],"author":[{"embeddable":true,"href":"https:\/\/www.cnbb.org.br\/cnbb-app\/wp\/v2\/users\/83"}],"replies":[{"embeddable":true,"href":"https:\/\/www.cnbb.org.br\/cnbb-app\/wp\/v2\/comments?post=250599"}],"version-history":[{"count":0,"href":"https:\/\/www.cnbb.org.br\/cnbb-app\/wp\/v2\/posts\/250599\/revisions"}],"wp:featuredmedia":[{"embeddable":true,"href":"https:\/\/www.cnbb.org.br\/cnbb-app\/wp\/v2\/media\/250600"}],"wp:attachment":[{"href":"https:\/\/www.cnbb.org.br\/cnbb-app\/wp\/v2\/media?parent=250599"}],"wp:term":[{"taxonomy":"category","embeddable":true,"href":"https:\/\/www.cnbb.org.br\/cnbb-app\/wp\/v2\/categories?post=250599"},{"taxonomy":"post_tag","embeddable":true,"href":"https:\/\/www.cnbb.org.br\/cnbb-app\/wp\/v2\/tags?post=250599"}],"curies":[{"name":"wp","href":"https:\/\/api.w.org\/{rel}","templated":true}]}}