{"id":250614,"date":"2020-10-16T10:52:20","date_gmt":"2020-10-16T13:52:20","guid":{"rendered":"https:\/\/www.cnbb.org.br\/?p=250614"},"modified":"2020-10-16T10:52:45","modified_gmt":"2020-10-16T13:52:45","slug":"fe-e-coerencia-de-vida","status":"publish","type":"post","link":"https:\/\/www.cnbb.org.br\/fe-e-coerencia-de-vida\/","title":{"rendered":"F\u00e9 e coer\u00eancia de vida"},"content":{"rendered":"<p style=\"text-align: right;\"><strong>Dom Jos\u00e9 Gislon<\/strong><br \/>\n<strong>Bispo de Caxias do Sul<\/strong><\/p>\n<p>&nbsp;<\/p>\n<p style=\"text-align: justify;\">Creio que o M\u00eas do Ros\u00e1rio e Mission\u00e1rio \u00e9 uma oportunidade que o Senhor nos oferece para olharmos, refletirmos, rezarmos e agirmos como crist\u00e3os vigilantes, que mant\u00eam os olhos da face e do cora\u00e7\u00e3o bem abertos, para ver a realidade em que estamos inseridos como sociedade e comunidade de f\u00e9. Estamos a poucas semanas das elei\u00e7\u00f5es municipais. S\u00e3o as elei\u00e7\u00f5es que despertam as maiores paix\u00f5es pela pol\u00edtica a n\u00edvel local. Elas t\u00eam o poder de ressuscitar antigos desafetos pol\u00edticos e muitas vezes destruir a paz nas fam\u00edlias e a harmonia nas comunidades de f\u00e9. Sem d\u00favidas, elas t\u00eam uma import\u00e2ncia enorme para todas as comunidades. Porque as autoridades municipais t\u00eam um contato direto com a realidade e as necessidades do povo que forma a comunidade. Por isso, a escolha n\u00e3o pode ser feita em cima das paix\u00f5es e desafetos, mas levando em conta a compet\u00eancia do candidato e o seu compromisso com o bem comum da coletividade.<\/p>\n<p style=\"text-align: justify;\">No Evangelho escrito por S\u00e3o Mateus (Mt 22,15-21), uma comiss\u00e3o foi falar com Jesus, com o intuito de interrog\u00e1-lo sobre o dever de pagar os impostos devidos a C\u00e9sar, que representavam o dom\u00ednio estrangeiro sobre o povo de Israel. Jesus sabiamente respondeu: \u201cDai a C\u00e9sar o que \u00e9 de C\u00e9sar, e a Deus o que \u00e9 de Deus\u201d (Mt 22,21). Com essa frase, o Senhor coloca uma distin\u00e7\u00e3o entre o poder pol\u00edtico e aquele espiritual, entre Estado e religi\u00e3o. Pagar os impostos devidos ao Estado n\u00e3o compromete a autoridade de Deus, que n\u00e3o pode ser de forma nenhuma prejudicada por aquela pol\u00edtica. No entanto, pode ser mais f\u00e1cil dar a C\u00e9sar aquilo que lhe compete, por consci\u00eancia ou coa\u00e7\u00e3o da lei, e mais dif\u00edcil ser obediente a Deus e dar-lhe aquilo que \u00e9 seu: o louvor, o amor, a f\u00e9, a escuta da sua palavra para vivermos segundo o Santo Evangelho. No mundo podemos ser bons cidad\u00e3os e bons crist\u00e3os, mas tamb\u00e9m bons cidad\u00e3os e p\u00e9ssimos crist\u00e3os, quando as nossas a\u00e7\u00f5es e a nossa responsabilidade e compromisso com o bem comum n\u00e3o condizem com a f\u00e9 que professamos, ou com a Palavra de Deus que ouvimos.<\/p>\n<p style=\"text-align: justify;\">Precisamos tomar consci\u00eancia que o absoluto na nossa vida \u00e9 somente Deus, revelado por Jesus Cristo, e a nossa miss\u00e3o \u00e9 resplandecer como astros no mundo, mantendo firme a palavra de vida. Por isso, \u00e9 importante olharmos para dentro de n\u00f3s mesmos e para a nossa comunidade de f\u00e9 e nos perguntarmos: Como estamos vivendo o Evangelho na realidade da nossa vida e em comunidade? Damos testemunho dos valores do Evangelho nas nossas a\u00e7\u00f5es, com a nossa vida, ou preferimos justificar a dorm\u00eancia ou a indiferen\u00e7a da nossa f\u00e9 com os erros dos outros?<\/p>\n<p style=\"text-align: justify;\">A \u201cIgreja\u201d, comunidade de f\u00e9, \u00e9 o local privilegiado onde o Esp\u00edrito Santo pode manifestar-se, desde que encontre acolhida, escuta e disponibilidade nos cora\u00e7\u00f5es dos fi\u00e9is. A Igreja \u00e9 formada pelos batizados que souberam responder ao apelo do Senhor e, mesmo sendo duramente provados por persegui\u00e7\u00f5es, incompreens\u00f5es e intoler\u00e2ncia no mundo, n\u00e3o se resignam, mas rezam e trabalham para dar visibilidade \u00e0 sua f\u00e9 com a caridade e a esperan\u00e7a no Senhor Jesus Cristo.<\/p>\n<p>&nbsp;<\/p>\n<p>&nbsp;<\/p>\n<p>&nbsp;<\/p>\n<p>&nbsp;<\/p>\n","protected":false},"excerpt":{"rendered":"<p>Dom Jos\u00e9 Gislon Bispo de Caxias do Sul &nbsp; Creio que o M\u00eas do Ros\u00e1rio e Mission\u00e1rio \u00e9 uma oportunidade que o Senhor nos oferece para olharmos, refletirmos, rezarmos e agirmos como crist\u00e3os vigilantes, que mant\u00eam os olhos da face e do cora\u00e7\u00e3o bem abertos, para ver a realidade em que estamos inseridos como sociedade &hellip;<\/p>\n<p class=\"read-more\"> <a class=\"\" href=\"https:\/\/www.cnbb.org.br\/fe-e-coerencia-de-vida\/\"> <span class=\"screen-reader-text\">F\u00e9 e coer\u00eancia de vida<\/span> Leia mais &raquo;<\/a><\/p>\n","protected":false},"author":20,"featured_media":0,"comment_status":"open","ping_status":"open","sticky":false,"template":"","format":"standard","meta":{"site-sidebar-layout":"default","site-content-layout":"default","ast-global-header-display":"","ast-banner-title-visibility":"","ast-main-header-display":"","ast-hfb-above-header-display":"","ast-hfb-below-header-display":"","ast-hfb-mobile-header-display":"","site-post-title":"","ast-breadcrumbs-content":"","ast-featured-img":"","footer-sml-layout":"","theme-transparent-header-meta":"default","adv-header-id-meta":"","stick-header-meta":"","header-above-stick-meta":"","header-main-stick-meta":"","header-below-stick-meta":""},"categories":[758],"tags":[],"acf":[],"_links":{"self":[{"href":"https:\/\/www.cnbb.org.br\/cnbb-app\/wp\/v2\/posts\/250614"}],"collection":[{"href":"https:\/\/www.cnbb.org.br\/cnbb-app\/wp\/v2\/posts"}],"about":[{"href":"https:\/\/www.cnbb.org.br\/cnbb-app\/wp\/v2\/types\/post"}],"author":[{"embeddable":true,"href":"https:\/\/www.cnbb.org.br\/cnbb-app\/wp\/v2\/users\/20"}],"replies":[{"embeddable":true,"href":"https:\/\/www.cnbb.org.br\/cnbb-app\/wp\/v2\/comments?post=250614"}],"version-history":[{"count":0,"href":"https:\/\/www.cnbb.org.br\/cnbb-app\/wp\/v2\/posts\/250614\/revisions"}],"wp:attachment":[{"href":"https:\/\/www.cnbb.org.br\/cnbb-app\/wp\/v2\/media?parent=250614"}],"wp:term":[{"taxonomy":"category","embeddable":true,"href":"https:\/\/www.cnbb.org.br\/cnbb-app\/wp\/v2\/categories?post=250614"},{"taxonomy":"post_tag","embeddable":true,"href":"https:\/\/www.cnbb.org.br\/cnbb-app\/wp\/v2\/tags?post=250614"}],"curies":[{"name":"wp","href":"https:\/\/api.w.org\/{rel}","templated":true}]}}