{"id":25069,"date":"2011-10-04T00:00:00","date_gmt":"2011-10-04T03:00:00","guid":{"rendered":"https:\/\/www.cnbb.org.br\/santuario-de-aparecida-deve-receber-600-mil-pessoas-durante-a-novena-da-padroeira-do-brasil\/"},"modified":"2011-10-04T00:00:00","modified_gmt":"2011-10-04T03:00:00","slug":"santuario-de-aparecida-deve-receber-600-mil-pessoas-durante-a-novena-da-padroeira-do-brasil","status":"publish","type":"post","link":"https:\/\/www.cnbb.org.br\/santuario-de-aparecida-deve-receber-600-mil-pessoas-durante-a-novena-da-padroeira-do-brasil\/","title":{"rendered":"Santu\u00e1rio de Aparecida deve receber 600 mil pessoas durante a novena da Padroeira do Brasil"},"content":{"rendered":"<p style=\"text-align: justify\">\u201cCerca de 600 mil pessoas s\u00e3o aguardadas durante a Novena de Nossa Senhora Aparecida, Padroeira do Brasil\u201d. Foi o n\u00famero apresentado na tarde desta segunda-feira pelo Santu\u00e1rio Nacional de Aparecida. De acordo com o reitor do Santu\u00e1rio Nacional de Aparecida, padre Darci Nicioli, ao longo do m\u00eas de outubro dever\u00e3o passar 1 milh\u00e3o e 300 mil pessoas e, s\u00f3 no dia 12, Dia Padroeira, o Santu\u00e1rio espera 100 mil pessoas.<\/p>\n<p>  <!--more-->  <\/p>\n<p style=\"text-align: justify\">O presidente da Confer\u00eancia Nacional dos Bispos do Brasil (CNBB) e arcebispo de Aparecida (SP), dom Raymundo Damasceno Assis, disse que haver\u00e1 muitas surpresas neste ano e priorizou a ora\u00e7\u00e3o e reflex\u00e3o para a Festa da Padroeira do Brasil.<\/p>\n<p style=\"text-align: justify\">\u201cTemos certeza que a Novena desse ano ser\u00e1 muito especial e est\u00e1 repleta de muitas surpresas. O mais importante \u00e9 que o devoto de Nossa Senhora Aparecida consiga viver intensamente esse momento de ora\u00e7\u00e3o e reflex\u00e3o. O tema desse ano nos faz refletir sobre o Cora\u00e7\u00e3o Materno de Deus e temos muito a falar sobre isso. A cada dia um pregador far\u00e1 uma reflex\u00e3o especial e aguardamos um resultado positivo. Eu, depois de dois anos longe da festa por motivos profissionais, estarei aqui fazendo parte desse momento de ora\u00e7\u00e3o e f\u00e9\u201d, disse dom Damasceno.<\/p>\n<p style=\"text-align: justify\"><img decoding=\"async\" loading=\"lazy\" class=\" alignleft size-full wp-image-12013\" style=\"float: left\" alt=\"coletiva_aparecida\" src=\"https:\/\/www.cnbb.org.br\/wp-content\/uploads\/2020\/03\/coletiva_aparecida.jpg\" height=\"370\" width=\"555\" \/>Padre Darci Nicioli lembrou que a novena \u00e9 uma catequese e que todos acabam aprendendo muito com os temas. \u201cTemos a certeza que a novena \u00e9 uma catequese e n\u00e3o teria sentido realizarmos esses nove dias de ora\u00e7\u00e3o, se n\u00e3o fosse para catequizar os devotos da M\u00e3e Aparecida\u201d, disse Nicioli.<\/p>\n<p style=\"text-align: justify\"><strong>Romaria Nacional da Juventude<\/strong><\/p>\n<p style=\"text-align: justify\">Ainda durante o encontro, dom Damasceno lembrou os preparativos para a Romaria Nacional da Juventude que vai acontecer no Santu\u00e1rio Nacional durante o feriado da Proclama\u00e7\u00e3o da Rep\u00fablica em 15 de novembro.<\/p>\n<p style=\"text-align: justify\">\u201cSer\u00e3o dias de ora\u00e7\u00e3o. A igreja tem pensado muito em nossos jovens e dedicado espa\u00e7o especial para eles. Essa Romaria Nacional vai acontecer pelo terceiro ano aqui no Santu\u00e1rio, cada vez mais reunindo milhares de jovens. Temos uma preocupa\u00e7\u00e3o especial com os jovens e por isso a CNBB, desde o ano passado, dedica espa\u00e7o especial, com a cria\u00e7\u00e3o da Comiss\u00e3o para a Juventude. O resultado tem sido maravilhoso. Basta observarmos a participa\u00e7\u00e3o do Brasil na Jornada Mundial da Juventude\u201d, afirmou dom Damasceno.<\/p>\n","protected":false},"excerpt":{"rendered":"<p>\u201cCerca de 600 mil pessoas s\u00e3o aguardadas durante a Novena de Nossa Senhora Aparecida, Padroeira do Brasil\u201d. Foi o n\u00famero apresentado na tarde desta segunda-feira pelo Santu\u00e1rio Nacional de Aparecida. De acordo com o reitor do Santu\u00e1rio Nacional de Aparecida, padre Darci Nicioli, ao longo do m\u00eas de outubro dever\u00e3o passar 1 milh\u00e3o e 300 &hellip;<\/p>\n<p class=\"read-more\"> <a class=\"\" href=\"https:\/\/www.cnbb.org.br\/santuario-de-aparecida-deve-receber-600-mil-pessoas-durante-a-novena-da-padroeira-do-brasil\/\"> <span class=\"screen-reader-text\">Santu\u00e1rio de Aparecida deve receber 600 mil pessoas durante a novena da Padroeira do Brasil<\/span> Leia mais &raquo;<\/a><\/p>\n","protected":false},"author":83,"featured_media":25070,"comment_status":"open","ping_status":"open","sticky":false,"template":"","format":"standard","meta":{"site-sidebar-layout":"default","site-content-layout":"default","ast-global-header-display":"","ast-banner-title-visibility":"","ast-main-header-display":"","ast-hfb-above-header-display":"","ast-hfb-below-header-display":"","ast-hfb-mobile-header-display":"","site-post-title":"","ast-breadcrumbs-content":"","ast-featured-img":"","footer-sml-layout":"","theme-transparent-header-meta":"","adv-header-id-meta":"","stick-header-meta":"","header-above-stick-meta":"","header-main-stick-meta":"","header-below-stick-meta":""},"categories":[769,772],"tags":[],"acf":[],"_links":{"self":[{"href":"https:\/\/www.cnbb.org.br\/cnbb-app\/wp\/v2\/posts\/25069"}],"collection":[{"href":"https:\/\/www.cnbb.org.br\/cnbb-app\/wp\/v2\/posts"}],"about":[{"href":"https:\/\/www.cnbb.org.br\/cnbb-app\/wp\/v2\/types\/post"}],"author":[{"embeddable":true,"href":"https:\/\/www.cnbb.org.br\/cnbb-app\/wp\/v2\/users\/83"}],"replies":[{"embeddable":true,"href":"https:\/\/www.cnbb.org.br\/cnbb-app\/wp\/v2\/comments?post=25069"}],"version-history":[{"count":0,"href":"https:\/\/www.cnbb.org.br\/cnbb-app\/wp\/v2\/posts\/25069\/revisions"}],"wp:featuredmedia":[{"embeddable":true,"href":"https:\/\/www.cnbb.org.br\/cnbb-app\/wp\/v2\/media\/25070"}],"wp:attachment":[{"href":"https:\/\/www.cnbb.org.br\/cnbb-app\/wp\/v2\/media?parent=25069"}],"wp:term":[{"taxonomy":"category","embeddable":true,"href":"https:\/\/www.cnbb.org.br\/cnbb-app\/wp\/v2\/categories?post=25069"},{"taxonomy":"post_tag","embeddable":true,"href":"https:\/\/www.cnbb.org.br\/cnbb-app\/wp\/v2\/tags?post=25069"}],"curies":[{"name":"wp","href":"https:\/\/api.w.org\/{rel}","templated":true}]}}