{"id":25082,"date":"2011-11-23T00:00:00","date_gmt":"2011-11-23T02:00:00","guid":{"rendered":"https:\/\/www.cnbb.org.br\/diocese-aracatuba-celebra-caminhada-pastoral-2011\/"},"modified":"2011-11-23T00:00:00","modified_gmt":"2011-11-23T02:00:00","slug":"diocese-aracatuba-celebra-caminhada-pastoral-2011","status":"publish","type":"post","link":"https:\/\/www.cnbb.org.br\/diocese-aracatuba-celebra-caminhada-pastoral-2011\/","title":{"rendered":"Diocese Ara\u00e7atuba celebra Caminhada Pastoral 2011"},"content":{"rendered":"<p style=\"text-align: justify\">Cerca de 2 mil pessoas, entre leigos, padres, religiosos e religiosas, participaram da celebra\u00e7\u00e3o alusiva a Caminhada Pastoral da diocese de Ara\u00e7atuba (SP), realizada na cidade de Mirand\u00f3polis (SP), no Clube Atl\u00e9tico, no s\u00e1bado, 19.\u00a0 O objetivo desta concentra\u00e7\u00e3o de diocesanos, vindos de todas as par\u00f3quias da diocese, foi expressar sua gratid\u00e3o a Deus por suas b\u00ean\u00e7\u00e3os derramadas no cora\u00e7\u00e3o de todos, atrav\u00e9s do trabalho pastoral e evangelizador deste ano, como tamb\u00e9m da unidade diocesana em torno do bispo dom Sergio Krzywy. Em comunh\u00e3o com toda a Igreja, coroou-se a a\u00e7\u00e3o pastoral diocesana neste dia, celebrando a festa de Cristo Rei e tamb\u00e9m o dia do leigo e da leiga.<\/p>\n<p><!--more--><\/p>\n<p style=\"text-align: justify\">Em sua homilia, o bispo diocesano destacou que &#8220;nossa A\u00e7\u00e3o como Igreja, precisa ser realizada com o Esp\u00edrito do Bom Pastor. N\u00e3o podemos perder jamais de vista o ensinamento daquele que vai \u00e0 frente de cada um de n\u00f3s. Somos fr\u00e1geis, mas o Bom Pastor \u00e9 forte.&#8221; Exp\u00f4s tamb\u00e9m, sobre tr\u00eas pontos que considerou oportuno, citados pelo secret\u00e1rio Geral da CNBB, dom Leonardo Ulrich Steiner, na 33\u00aa Assembleia das Igrejas, em Itaici: o encontro, a alteridade e a gratuidade (este \u00faltimo com maior \u00eanfase). &#8220;O nosso trabalho pastoral deve ser dado pela gratuidade. Assim como Deus \u00e9 gratuidade para n\u00f3s&#8221; orientou dom Sergio.<\/p>\n<p style=\"text-align: justify\"><strong>Encerramento<\/strong><\/p>\n<p style=\"text-align: justify\">Ap\u00f3s a comunh\u00e3o, uma fam\u00edlia escolhida pela coordena\u00e7\u00e3o pastoral, representou todas as demais, recitando uma ora\u00e7\u00e3o em agradecimento ao Senhor, pela &#8220;fam\u00edlia que temos e pela sua presen\u00e7a em nossos lares.&#8221; Toda assembleia entoou num s\u00f3 coro a can\u00e7\u00e3o &#8220;Ora\u00e7\u00e3o pela Fam\u00edlia&#8221; do padre Zezinho.<\/p>\n<p style=\"text-align: justify\">Antes da b\u00ean\u00e7\u00e3o final, o p\u00e1roco da par\u00f3quia S\u00e3o Jo\u00e3o Batista de Mirand\u00f3polis, padre Alexandre, agradeceu a oportunidade e a todos que trabalharam para a organiza\u00e7\u00e3o do encontro. Depois, o coordenador diocesano de pastoral, padre Fernando Stanicheschi, agradeceu aos anfitri\u00f5es, como tamb\u00e9m toda assembleia reunida pelo gesto concreto de unidade e A\u00e7\u00e3o de Gra\u00e7as pela vida pastoral diocesana.<\/p>\n<p style=\"text-align: justify\">Ap\u00f3s a Ben\u00e7\u00e3o Final de dom Sergio, toda a diocese ali representada, participou de uma confraterniza\u00e7\u00e3o.<\/p>\n","protected":false},"excerpt":{"rendered":"<p>Cerca de 2 mil pessoas, entre leigos, padres, religiosos e religiosas, participaram da celebra\u00e7\u00e3o alusiva a Caminhada Pastoral da diocese de Ara\u00e7atuba (SP), realizada na cidade de Mirand\u00f3polis (SP), no Clube Atl\u00e9tico, no s\u00e1bado, 19.\u00a0 O objetivo desta concentra\u00e7\u00e3o de diocesanos, vindos de todas as par\u00f3quias da diocese, foi expressar sua gratid\u00e3o a Deus por &hellip;<\/p>\n<p class=\"read-more\"> <a class=\"\" href=\"https:\/\/www.cnbb.org.br\/diocese-aracatuba-celebra-caminhada-pastoral-2011\/\"> <span class=\"screen-reader-text\">Diocese Ara\u00e7atuba celebra Caminhada Pastoral 2011<\/span> Leia mais &raquo;<\/a><\/p>\n","protected":false},"author":83,"featured_media":25083,"comment_status":"open","ping_status":"open","sticky":false,"template":"","format":"standard","meta":{"site-sidebar-layout":"default","site-content-layout":"default","ast-global-header-display":"","ast-banner-title-visibility":"","ast-main-header-display":"","ast-hfb-above-header-display":"","ast-hfb-below-header-display":"","ast-hfb-mobile-header-display":"","site-post-title":"","ast-breadcrumbs-content":"","ast-featured-img":"","footer-sml-layout":"","theme-transparent-header-meta":"","adv-header-id-meta":"","stick-header-meta":"","header-above-stick-meta":"","header-main-stick-meta":"","header-below-stick-meta":""},"categories":[769,772],"tags":[],"acf":[],"_links":{"self":[{"href":"https:\/\/www.cnbb.org.br\/cnbb-app\/wp\/v2\/posts\/25082"}],"collection":[{"href":"https:\/\/www.cnbb.org.br\/cnbb-app\/wp\/v2\/posts"}],"about":[{"href":"https:\/\/www.cnbb.org.br\/cnbb-app\/wp\/v2\/types\/post"}],"author":[{"embeddable":true,"href":"https:\/\/www.cnbb.org.br\/cnbb-app\/wp\/v2\/users\/83"}],"replies":[{"embeddable":true,"href":"https:\/\/www.cnbb.org.br\/cnbb-app\/wp\/v2\/comments?post=25082"}],"version-history":[{"count":0,"href":"https:\/\/www.cnbb.org.br\/cnbb-app\/wp\/v2\/posts\/25082\/revisions"}],"wp:featuredmedia":[{"embeddable":true,"href":"https:\/\/www.cnbb.org.br\/cnbb-app\/wp\/v2\/media\/25083"}],"wp:attachment":[{"href":"https:\/\/www.cnbb.org.br\/cnbb-app\/wp\/v2\/media?parent=25082"}],"wp:term":[{"taxonomy":"category","embeddable":true,"href":"https:\/\/www.cnbb.org.br\/cnbb-app\/wp\/v2\/categories?post=25082"},{"taxonomy":"post_tag","embeddable":true,"href":"https:\/\/www.cnbb.org.br\/cnbb-app\/wp\/v2\/tags?post=25082"}],"curies":[{"name":"wp","href":"https:\/\/api.w.org\/{rel}","templated":true}]}}