{"id":25090,"date":"2012-01-20T00:00:00","date_gmt":"2012-01-20T02:00:00","guid":{"rendered":"https:\/\/www.cnbb.org.br\/dom-odilo-pedro-scherer-visita-abrigo-para-dependentes-quimicos\/"},"modified":"2012-01-20T00:00:00","modified_gmt":"2012-01-20T02:00:00","slug":"dom-odilo-pedro-scherer-visita-abrigo-para-dependentes-quimicos","status":"publish","type":"post","link":"https:\/\/www.cnbb.org.br\/dom-odilo-pedro-scherer-visita-abrigo-para-dependentes-quimicos\/","title":{"rendered":"Dom Odilo Pedro Scherer visita abrigo para dependentes qu\u00edmicos"},"content":{"rendered":"<p style=\"text-align: justify\">Na manh\u00e3 de amanh\u00e3, 21, \u00e0s 10h, o cardeal arcebispo de S\u00e3o Paulo, dom Odilo Pedro Scherer, acompanhado pelo prefeito da cidade, Gilberto Kassab, e pela vice-prefeita, Alda Marco Ant\u00f4nio, visitar\u00e1 as obras do Complexo Prates. Instalado no bairro do Bom Retiro (SP), o abrigo \u00e9 destinado a moradores de rua da regi\u00e3o da Cracol\u00e2ndia e dependentes de \u00e1lcool e drogas. A institui\u00e7\u00e3o de assist\u00eancia social \u00e9 vinculada \u00e0 Sa\u00fade e ir\u00e1 funcionar como porta de entrada dos usu\u00e1rios nos servi\u00e7os da rede socioassistencial.<\/p>\n<p>  <!--more-->  <\/p>\n<p style=\"text-align: justify\">Com projeto assinado pela arquiteta Priscila C\u00e2mara, o abrigo possui uma \u00e1rea de 11 mil metros quadrados, onde ser\u00e3o instalados um Espa\u00e7o de Conviv\u00eancia com capacidade para atender at\u00e9 1.200 pessoas por dia. Tamb\u00e9m ser\u00e1 instalado o Servi\u00e7o de Acolhimento Institucional para Crian\u00e7as e Adolescentes com 20 vagas, e um Centro de Acolhida para Homens, com 120 leitos.Todos os servi\u00e7os possuem entradas independentes.<\/p>\n<p style=\"text-align: justify\">A Secretaria Municipal de Sa\u00fade vai instalar no local uma Assist\u00eancia M\u00e9dica Ambulatorial (AMA) e um Centro de Aten\u00e7\u00e3o Psicossocial \u00c1lcool e Drogas (CAPS AD), com 850m\u00b2 de \u00e1rea \u00fatil, ambos com funcionamento 24 horas, com mais de 120 profissionais de sa\u00fade e 11 leitos para observa\u00e7\u00e3o e interna\u00e7\u00e3o emergencial. O Complexo Prates se localiza na Rua Prates, n\u00ba 1101, no bairro do Bom Retiro (SP).<\/p>\n<p style=\"text-align: justify\">Segundo dom Odilo, \u00e9 importante combater o uso ilegal das drogas e a a\u00e7\u00e3o criminosa dos traficantes. No entanto, ressalta o arcebispo, \u00e9 desfavor\u00e1vel os m\u00e9todos violentos e desrespeitosos que est\u00e3o sendo utilizados pela Prefeitura de S\u00e3o Paulo e pelo Governo Estadual na a\u00e7\u00e3o de retomada da Cracol\u00e2ndia.<\/p>\n","protected":false},"excerpt":{"rendered":"<p>Na manh\u00e3 de amanh\u00e3, 21, \u00e0s 10h, o cardeal arcebispo de S\u00e3o Paulo, dom Odilo Pedro Scherer, acompanhado pelo prefeito da cidade, Gilberto Kassab, e pela vice-prefeita, Alda Marco Ant\u00f4nio, visitar\u00e1 as obras do Complexo Prates. Instalado no bairro do Bom Retiro (SP), o abrigo \u00e9 destinado a moradores de rua da regi\u00e3o da Cracol\u00e2ndia &hellip;<\/p>\n<p class=\"read-more\"> <a class=\"\" href=\"https:\/\/www.cnbb.org.br\/dom-odilo-pedro-scherer-visita-abrigo-para-dependentes-quimicos\/\"> <span class=\"screen-reader-text\">Dom Odilo Pedro Scherer visita abrigo para dependentes qu\u00edmicos<\/span> Leia mais &raquo;<\/a><\/p>\n","protected":false},"author":83,"featured_media":18413,"comment_status":"open","ping_status":"open","sticky":false,"template":"","format":"standard","meta":{"site-sidebar-layout":"default","site-content-layout":"default","ast-global-header-display":"","ast-banner-title-visibility":"","ast-main-header-display":"","ast-hfb-above-header-display":"","ast-hfb-below-header-display":"","ast-hfb-mobile-header-display":"","site-post-title":"","ast-breadcrumbs-content":"","ast-featured-img":"","footer-sml-layout":"","theme-transparent-header-meta":"","adv-header-id-meta":"","stick-header-meta":"","header-above-stick-meta":"","header-main-stick-meta":"","header-below-stick-meta":""},"categories":[769,772],"tags":[],"acf":[],"_links":{"self":[{"href":"https:\/\/www.cnbb.org.br\/cnbb-app\/wp\/v2\/posts\/25090"}],"collection":[{"href":"https:\/\/www.cnbb.org.br\/cnbb-app\/wp\/v2\/posts"}],"about":[{"href":"https:\/\/www.cnbb.org.br\/cnbb-app\/wp\/v2\/types\/post"}],"author":[{"embeddable":true,"href":"https:\/\/www.cnbb.org.br\/cnbb-app\/wp\/v2\/users\/83"}],"replies":[{"embeddable":true,"href":"https:\/\/www.cnbb.org.br\/cnbb-app\/wp\/v2\/comments?post=25090"}],"version-history":[{"count":0,"href":"https:\/\/www.cnbb.org.br\/cnbb-app\/wp\/v2\/posts\/25090\/revisions"}],"wp:featuredmedia":[{"embeddable":true,"href":"https:\/\/www.cnbb.org.br\/cnbb-app\/wp\/v2\/media\/18413"}],"wp:attachment":[{"href":"https:\/\/www.cnbb.org.br\/cnbb-app\/wp\/v2\/media?parent=25090"}],"wp:term":[{"taxonomy":"category","embeddable":true,"href":"https:\/\/www.cnbb.org.br\/cnbb-app\/wp\/v2\/categories?post=25090"},{"taxonomy":"post_tag","embeddable":true,"href":"https:\/\/www.cnbb.org.br\/cnbb-app\/wp\/v2\/tags?post=25090"}],"curies":[{"name":"wp","href":"https:\/\/api.w.org\/{rel}","templated":true}]}}