{"id":25098,"date":"2012-03-20T00:00:00","date_gmt":"2012-03-20T03:00:00","guid":{"rendered":"https:\/\/www.cnbb.org.br\/congresso-mariologico-em-aparecida\/"},"modified":"2012-03-20T00:00:00","modified_gmt":"2012-03-20T03:00:00","slug":"congresso-mariologico-em-aparecida","status":"publish","type":"post","link":"https:\/\/www.cnbb.org.br\/congresso-mariologico-em-aparecida\/","title":{"rendered":"Congresso Mariol\u00f3gico em Aparecida"},"content":{"rendered":"<p style=\"text-align: justify\">O 6\u00ba Congresso Mariol\u00f3gico ser\u00e1 realizado pela Academia Marial, do Santu\u00e1rio Nacional de Aparecida, em Aparecida (SP), entre os dias 23 e 25 de mar\u00e7o. O tema deste ano \u00e9 \u201cRogai por N\u00f3s\u201d, e o evento promete oferecer reflex\u00f5es e questionamentos \u00fateis e atuais que direcionam os fundamentos teol\u00f3gicos e pastorais da Intercess\u00e3o de Maria.<\/p>\n<p>  <!--more-->  <\/p>\n<p style=\"text-align: justify\">Segundo o padre Ant\u00f4nio Clayton Sant&#8217;Anna, diretor da Academia Marial e Mission\u00e1rio Redentorista, \u201ceste ser\u00e1 um momento rico de comunh\u00e3o na f\u00e9 em Jesus Cristo sob o olhar carinhoso da M\u00e3e Aparecida no ambiente acolhedor do maior santu\u00e1rio mariano do mundo\u201d.<\/p>\n<p style=\"text-align: justify\">A Academia Marial do Santu\u00e1rio Nacional de Aparecida organiza o evento em parceria com a Faculdade Dehoniania de Taubat\u00e9 (SP). A participa\u00e7\u00e3o no evento ser\u00e1 considerada como curso de extens\u00e3o universit\u00e1ria.<\/p>\n<p style=\"text-align: justify\">As inscri\u00e7\u00f5es para o Congresso encerram-se nesta quarta-feira, 21, e podem ser feitas pela internet atrav\u00e9s do site: www.a12.com\/blog\/academiamarial.<\/p>\n","protected":false},"excerpt":{"rendered":"<p>O 6\u00ba Congresso Mariol\u00f3gico ser\u00e1 realizado pela Academia Marial, do Santu\u00e1rio Nacional de Aparecida, em Aparecida (SP), entre os dias 23 e 25 de mar\u00e7o. O tema deste ano \u00e9 \u201cRogai por N\u00f3s\u201d, e o evento promete oferecer reflex\u00f5es e questionamentos \u00fateis e atuais que direcionam os fundamentos teol\u00f3gicos e pastorais da Intercess\u00e3o de Maria.<\/p>\n","protected":false},"author":83,"featured_media":0,"comment_status":"open","ping_status":"open","sticky":false,"template":"","format":"standard","meta":{"site-sidebar-layout":"default","site-content-layout":"default","ast-global-header-display":"","ast-banner-title-visibility":"","ast-main-header-display":"","ast-hfb-above-header-display":"","ast-hfb-below-header-display":"","ast-hfb-mobile-header-display":"","site-post-title":"","ast-breadcrumbs-content":"","ast-featured-img":"","footer-sml-layout":"","theme-transparent-header-meta":"","adv-header-id-meta":"","stick-header-meta":"","header-above-stick-meta":"","header-main-stick-meta":"","header-below-stick-meta":""},"categories":[769,772],"tags":[],"acf":[],"_links":{"self":[{"href":"https:\/\/www.cnbb.org.br\/cnbb-app\/wp\/v2\/posts\/25098"}],"collection":[{"href":"https:\/\/www.cnbb.org.br\/cnbb-app\/wp\/v2\/posts"}],"about":[{"href":"https:\/\/www.cnbb.org.br\/cnbb-app\/wp\/v2\/types\/post"}],"author":[{"embeddable":true,"href":"https:\/\/www.cnbb.org.br\/cnbb-app\/wp\/v2\/users\/83"}],"replies":[{"embeddable":true,"href":"https:\/\/www.cnbb.org.br\/cnbb-app\/wp\/v2\/comments?post=25098"}],"version-history":[{"count":0,"href":"https:\/\/www.cnbb.org.br\/cnbb-app\/wp\/v2\/posts\/25098\/revisions"}],"wp:attachment":[{"href":"https:\/\/www.cnbb.org.br\/cnbb-app\/wp\/v2\/media?parent=25098"}],"wp:term":[{"taxonomy":"category","embeddable":true,"href":"https:\/\/www.cnbb.org.br\/cnbb-app\/wp\/v2\/categories?post=25098"},{"taxonomy":"post_tag","embeddable":true,"href":"https:\/\/www.cnbb.org.br\/cnbb-app\/wp\/v2\/tags?post=25098"}],"curies":[{"name":"wp","href":"https:\/\/api.w.org\/{rel}","templated":true}]}}