{"id":25101,"date":"2012-04-13T00:00:00","date_gmt":"2012-04-13T03:00:00","guid":{"rendered":"https:\/\/www.cnbb.org.br\/regional-sul-1-realiza-pre-congresso-missionario\/"},"modified":"2012-04-13T00:00:00","modified_gmt":"2012-04-13T03:00:00","slug":"regional-sul-1-realiza-pre-congresso-missionario","status":"publish","type":"post","link":"https:\/\/www.cnbb.org.br\/regional-sul-1-realiza-pre-congresso-missionario\/","title":{"rendered":"Regional Sul 1 realiza Pr\u00e9-Congresso Mission\u00e1rio"},"content":{"rendered":"<p style=\"text-align: justify\">Neste s\u00e1bado, 14, o Conselho Mission\u00e1rio Regional (Comire Sul 1 &#8211; S\u00e3o Paulo) realiza o seu Pr\u00e9-Congresso Mission\u00e1rio Regional, na sede da Obra dos Cen\u00e1culos Mission\u00e1rios (OCM) no Alto da Lapa (SP).<\/p>\n<p>  <!--more-->  <\/p>\n<p style=\"text-align: justify\">O encontro conta com a participa\u00e7\u00e3o dos coordenadores e\/ou representantes dos Conselhos Mission\u00e1rios das dioceses (Comidis) do estado de S\u00e3o Paulo e tem por objetivo prepar\u00e1-los para o 3\u00ba Congresso Mission\u00e1rio Nacional (3\u00ba CMN) que acontecer\u00e1 em Palmas (TO), entre os dias 12 e 15 de julho pr\u00f3ximo.<\/p>\n<p style=\"text-align: justify\">A assessoria do Pr\u00e9-Congresso fica por conta do te\u00f3logo padre Paulo Suess, autor de uma das reflex\u00f5es do Instrumento de Trabalho do 3\u00ba CMN: \u201cDiscipulado mission\u00e1rio do Brasil para o mundo \u00e0 luz do Vaticano II e do magist\u00e9rio latino-americano\u201d, que tamb\u00e9m \u00e9 tema de sua confer\u00eancia no Pr\u00e9-Congresso de S\u00e3o Paulo. O te\u00f3logo \u00e9 tamb\u00e9m autor de v\u00e1rios livros mission\u00e1rios, entre eles, o \u00faltimo lan\u00e7ado recentemente \u201cImpulsos e Interven\u00e7\u00f5es \u2013 Atualidade da Miss\u00e3o\u201d, publicado pela Editora Paulus, em parceria com as Pontif\u00edcias Obras Mission\u00e1rias (POM).<\/p>\n","protected":false},"excerpt":{"rendered":"<p>Neste s\u00e1bado, 14, o Conselho Mission\u00e1rio Regional (Comire Sul 1 &#8211; S\u00e3o Paulo) realiza o seu Pr\u00e9-Congresso Mission\u00e1rio Regional, na sede da Obra dos Cen\u00e1culos Mission\u00e1rios (OCM) no Alto da Lapa (SP).<\/p>\n","protected":false},"author":83,"featured_media":24400,"comment_status":"open","ping_status":"open","sticky":false,"template":"","format":"standard","meta":{"site-sidebar-layout":"default","site-content-layout":"default","ast-global-header-display":"","ast-banner-title-visibility":"","ast-main-header-display":"","ast-hfb-above-header-display":"","ast-hfb-below-header-display":"","ast-hfb-mobile-header-display":"","site-post-title":"","ast-breadcrumbs-content":"","ast-featured-img":"","footer-sml-layout":"","theme-transparent-header-meta":"","adv-header-id-meta":"","stick-header-meta":"","header-above-stick-meta":"","header-main-stick-meta":"","header-below-stick-meta":""},"categories":[769,772],"tags":[],"acf":[],"_links":{"self":[{"href":"https:\/\/www.cnbb.org.br\/cnbb-app\/wp\/v2\/posts\/25101"}],"collection":[{"href":"https:\/\/www.cnbb.org.br\/cnbb-app\/wp\/v2\/posts"}],"about":[{"href":"https:\/\/www.cnbb.org.br\/cnbb-app\/wp\/v2\/types\/post"}],"author":[{"embeddable":true,"href":"https:\/\/www.cnbb.org.br\/cnbb-app\/wp\/v2\/users\/83"}],"replies":[{"embeddable":true,"href":"https:\/\/www.cnbb.org.br\/cnbb-app\/wp\/v2\/comments?post=25101"}],"version-history":[{"count":0,"href":"https:\/\/www.cnbb.org.br\/cnbb-app\/wp\/v2\/posts\/25101\/revisions"}],"wp:featuredmedia":[{"embeddable":true,"href":"https:\/\/www.cnbb.org.br\/cnbb-app\/wp\/v2\/media\/24400"}],"wp:attachment":[{"href":"https:\/\/www.cnbb.org.br\/cnbb-app\/wp\/v2\/media?parent=25101"}],"wp:term":[{"taxonomy":"category","embeddable":true,"href":"https:\/\/www.cnbb.org.br\/cnbb-app\/wp\/v2\/categories?post=25101"},{"taxonomy":"post_tag","embeddable":true,"href":"https:\/\/www.cnbb.org.br\/cnbb-app\/wp\/v2\/tags?post=25101"}],"curies":[{"name":"wp","href":"https:\/\/api.w.org\/{rel}","templated":true}]}}