{"id":25106,"date":"2012-05-11T00:00:00","date_gmt":"2012-05-11T03:00:00","guid":{"rendered":"https:\/\/www.cnbb.org.br\/eleito-o-administrador-diocesano-de-sao-jose-do-rio-preto\/"},"modified":"2012-05-11T00:00:00","modified_gmt":"2012-05-11T03:00:00","slug":"eleito-o-administrador-diocesano-de-sao-jose-do-rio-preto","status":"publish","type":"post","link":"https:\/\/www.cnbb.org.br\/eleito-o-administrador-diocesano-de-sao-jose-do-rio-preto\/","title":{"rendered":"Eleito o Administrador Diocesano de S\u00e2o Jos\u00e9 do Rio Preto"},"content":{"rendered":"<p style=\"text-align: justify\">Padre Jarbas Brandini Dutra, p\u00e1roco da Par\u00f3quia Nossa Senhora do Sagrado Cora\u00e7\u00e3o, na cidade de S\u00e2o Jos\u00e9 do Rio Preto (SP), foi eleito pelo Col\u00e9gio dos Consultores como Administrador Diocesano de S\u00e3o Jos\u00e9 do Rio Preto. Ele anima e prepara o povo para a chegada do sucessor de Dom Paulo Mendes Peixoto que foi transferido pelo Papa Bento XVI para a arquidiocese de Uberaba (MG).<\/p>\n<p><!--more--><\/p>\n<p style=\"text-align: justify\">A Diocese de S\u00e2o Jos\u00e9 do Rio Preto tornou-se vacante depois da nomea\u00e7\u00e3o e\u00a0 tomada de posse de Dom Paulo Mendes na arquidiocese de Uberaba. Seguindo as normas do Direito Can\u00f4nico, o Col\u00e9gio de Consultores da Diocese realizou uma reuni\u00e3o extraordin\u00e1ria no dia 4 de maio e elegeu Pe. Jarbas para o of\u00edcio administrativo.<\/p>\n<p style=\"text-align: justify\">Pe. Jarbas Brandini tamb\u00e9m \u00e9 professor no Centro de Estudos Superiores Sagrado Cora\u00e7\u00e3o de Jesus e respons\u00e1vel dicocesano pela Campanha da Fraternidade.<\/p>\n","protected":false},"excerpt":{"rendered":"<p>Padre Jarbas Brandini Dutra, p\u00e1roco da Par\u00f3quia Nossa Senhora do Sagrado Cora\u00e7\u00e3o, na cidade de S\u00e2o Jos\u00e9 do Rio Preto (SP), foi eleito pelo Col\u00e9gio dos Consultores como Administrador Diocesano de S\u00e3o Jos\u00e9 do Rio Preto. Ele anima e prepara o povo para a chegada do sucessor de Dom Paulo Mendes Peixoto que foi transferido &hellip;<\/p>\n<p class=\"read-more\"> <a class=\"\" href=\"https:\/\/www.cnbb.org.br\/eleito-o-administrador-diocesano-de-sao-jose-do-rio-preto\/\"> <span class=\"screen-reader-text\">Eleito o Administrador Diocesano de S\u00e2o Jos\u00e9 do Rio Preto<\/span> Leia mais &raquo;<\/a><\/p>\n","protected":false},"author":83,"featured_media":25107,"comment_status":"open","ping_status":"open","sticky":false,"template":"","format":"standard","meta":{"site-sidebar-layout":"default","site-content-layout":"default","ast-global-header-display":"","ast-banner-title-visibility":"","ast-main-header-display":"","ast-hfb-above-header-display":"","ast-hfb-below-header-display":"","ast-hfb-mobile-header-display":"","site-post-title":"","ast-breadcrumbs-content":"","ast-featured-img":"","footer-sml-layout":"","theme-transparent-header-meta":"","adv-header-id-meta":"","stick-header-meta":"","header-above-stick-meta":"","header-main-stick-meta":"","header-below-stick-meta":""},"categories":[769,772],"tags":[],"acf":[],"_links":{"self":[{"href":"https:\/\/www.cnbb.org.br\/cnbb-app\/wp\/v2\/posts\/25106"}],"collection":[{"href":"https:\/\/www.cnbb.org.br\/cnbb-app\/wp\/v2\/posts"}],"about":[{"href":"https:\/\/www.cnbb.org.br\/cnbb-app\/wp\/v2\/types\/post"}],"author":[{"embeddable":true,"href":"https:\/\/www.cnbb.org.br\/cnbb-app\/wp\/v2\/users\/83"}],"replies":[{"embeddable":true,"href":"https:\/\/www.cnbb.org.br\/cnbb-app\/wp\/v2\/comments?post=25106"}],"version-history":[{"count":0,"href":"https:\/\/www.cnbb.org.br\/cnbb-app\/wp\/v2\/posts\/25106\/revisions"}],"wp:featuredmedia":[{"embeddable":true,"href":"https:\/\/www.cnbb.org.br\/cnbb-app\/wp\/v2\/media\/25107"}],"wp:attachment":[{"href":"https:\/\/www.cnbb.org.br\/cnbb-app\/wp\/v2\/media?parent=25106"}],"wp:term":[{"taxonomy":"category","embeddable":true,"href":"https:\/\/www.cnbb.org.br\/cnbb-app\/wp\/v2\/categories?post=25106"},{"taxonomy":"post_tag","embeddable":true,"href":"https:\/\/www.cnbb.org.br\/cnbb-app\/wp\/v2\/tags?post=25106"}],"curies":[{"name":"wp","href":"https:\/\/api.w.org\/{rel}","templated":true}]}}