{"id":25128,"date":"2012-06-18T00:00:00","date_gmt":"2012-06-18T03:00:00","guid":{"rendered":"https:\/\/www.cnbb.org.br\/defesa-da-vida-foi-tema-do-4o-encontro-das-comissoes-diocesanas-do-sul-1\/"},"modified":"2012-06-18T00:00:00","modified_gmt":"2012-06-18T03:00:00","slug":"defesa-da-vida-foi-tema-do-4o-encontro-das-comissoes-diocesanas-do-sul-1","status":"publish","type":"post","link":"https:\/\/www.cnbb.org.br\/defesa-da-vida-foi-tema-do-4o-encontro-das-comissoes-diocesanas-do-sul-1\/","title":{"rendered":"Defesa da vida foi tema do 4\u00ba Encontro das Comiss\u00f5es Diocesanas do Sul 1"},"content":{"rendered":"<p style=\"text-align: justify\">No dia 16 de junho, foi realizado em S\u00e3o Paulo, o 4\u00ba Encontro das Comiss\u00f5es Diocesanas em Defesa da Vida do Sul 1 (S\u00e3o Paulo). Com o tema \u201cAcolher e defender a vida desde a fecundidade ao seu t\u00e9rmino natural\u201d, o objetivo do encontro foi tratar dos desafios atuais e propostas de a\u00e7\u00f5es da Igreja diante da \u2018cultura de morte\u2019, e sua posi\u00e7\u00e3o em rela\u00e7\u00e3o \u00e0 promo\u00e7\u00e3o e \u00e0 defesa da vida humana no Brasil.<\/p>\n<p><!--more--><\/p>\n<p style=\"text-align: justify\">Na reuni\u00e3o, dentre v\u00e1rias propostas de a\u00e7\u00f5es imediatas discutidas, uma foi o apoio \u00e0 coleta de assinaturas para o Estatuto do Nascituro, projeto que acaba com qualquer hip\u00f3tese de aborto legal no Brasil, que abranger o requerimento que susta a decis\u00e3o do Superior Tribunal Federal (STF) sobre o aborto de anenc\u00e9falos. O assessor da Comiss\u00e3o Vida e Familia da Confer\u00eancia Nacional dos Bispos do Brasil (CNBB), padre Rafael Fornasier, explica que \u201cessas iniciativas passam pelo contato com os deputados de diferentes regi\u00f5es, a fim de que sejam sensibilizados quanto \u00e0 quest\u00e3o\u201d.<\/p>\n<p style=\"text-align: justify\">Outro ponto discutido foi a import\u00e2ncia de se estar atento as a\u00e7\u00f5es que est\u00e3o ocorrendo por meio do Minist\u00e9rio da Sa\u00fade e outras secretarias do governo. \u201c\u00c9 fundamental mais participa\u00e7\u00e3o nos conselhos municipais de sa\u00fade. Nesse sentido, t\u00eam um papel de destaque as Pastorais da Crian\u00e7a, da sa\u00fade, e mesmo da fam\u00edlia\u201d, afirma o assessor. Para tal participa\u00e7\u00e3o, foram sugeridas a cria\u00e7\u00e3o de associa\u00e7\u00f5es de fam\u00edlias e pr\u00f3-vida, implanta\u00e7\u00e3o das comiss\u00f5es em defesa da vida e\/ou de bio\u00e9tica nas dioceses e regionais, e implementa\u00e7\u00e3o de diversos programas de acolhida das gestantes.<\/p>\n<p style=\"text-align: justify\">O aborto faz parte do que chamou Jo\u00e3o Paulo II de \u2018cultura da morte\u2019, para a Igreja nada pode justificar a morte de um inocente indefeso. Para modificar essa ideia, foi vista a necessidade de a\u00e7\u00f5es educativas. \u201cEducar as crian\u00e7as, os adolescentes e os jovens quanto \u00e0 acolhida, \u00e0 prote\u00e7\u00e3o, ao cuidado, \u00e0 beleza da vida, e tamb\u00e9m aos seus dramas, como doen\u00e7as, defici\u00eancias e a pobreza\u201d, disse Rafael Fornasier. Em longo prazo, formar os jovens de diversas \u00e1reas (medicina, engenharia gen\u00e9tica, direito, etc.) segundo uma antropologia crist\u00e3 adequada. \u201cEsses jovens propagar\u00e3o esse ideal no mundo acad\u00eamico, mas tamb\u00e9m se tornar\u00e3o atores sociais, pol\u00edticos, e profissionais\u201d, esclarece.<\/p>\n<p style=\"text-align: justify\">De acordo com o padre, somos guardi\u00f5es da vida uns dos outros, o que conclama \u00e0 responsabilidade em rela\u00e7\u00e3o \u00e0 vida, como uma voca\u00e7\u00e3o crist\u00e3. \u201cNo que concerne todo o trabalho pela promo\u00e7\u00e3o, respeito e defesa da vida, desde a concep\u00e7\u00e3o at\u00e9 o seu fim natural, em suas diversas etapas e situa\u00e7\u00f5es, faz-se necess\u00e1rio o comprometimento dos leigos, tanto no seio da Igreja, por meio das comiss\u00f5es em defesa da vida, quando na sociedade por meio tamb\u00e9m da forma\u00e7\u00e3o de associa\u00e7\u00f5es de fam\u00edlia e em favor da vida, al\u00e9m do comprometimento com a pol\u00edtica\u201d.<\/p>\n","protected":false},"excerpt":{"rendered":"<p>No dia 16 de junho, foi realizado em S\u00e3o Paulo, o 4\u00ba Encontro das Comiss\u00f5es Diocesanas em Defesa da Vida do Sul 1 (S\u00e3o Paulo). Com o tema \u201cAcolher e defender a vida desde a fecundidade ao seu t\u00e9rmino natural\u201d, o objetivo do encontro foi tratar dos desafios atuais e propostas de a\u00e7\u00f5es da Igreja &hellip;<\/p>\n<p class=\"read-more\"> <a class=\"\" href=\"https:\/\/www.cnbb.org.br\/defesa-da-vida-foi-tema-do-4o-encontro-das-comissoes-diocesanas-do-sul-1\/\"> <span class=\"screen-reader-text\">Defesa da vida foi tema do 4\u00ba Encontro das Comiss\u00f5es Diocesanas do Sul 1<\/span> Leia mais &raquo;<\/a><\/p>\n","protected":false},"author":83,"featured_media":25129,"comment_status":"open","ping_status":"open","sticky":false,"template":"","format":"standard","meta":{"site-sidebar-layout":"default","site-content-layout":"default","ast-global-header-display":"","ast-banner-title-visibility":"","ast-main-header-display":"","ast-hfb-above-header-display":"","ast-hfb-below-header-display":"","ast-hfb-mobile-header-display":"","site-post-title":"","ast-breadcrumbs-content":"","ast-featured-img":"","footer-sml-layout":"","theme-transparent-header-meta":"","adv-header-id-meta":"","stick-header-meta":"","header-above-stick-meta":"","header-main-stick-meta":"","header-below-stick-meta":""},"categories":[769,772],"tags":[],"acf":[],"_links":{"self":[{"href":"https:\/\/www.cnbb.org.br\/cnbb-app\/wp\/v2\/posts\/25128"}],"collection":[{"href":"https:\/\/www.cnbb.org.br\/cnbb-app\/wp\/v2\/posts"}],"about":[{"href":"https:\/\/www.cnbb.org.br\/cnbb-app\/wp\/v2\/types\/post"}],"author":[{"embeddable":true,"href":"https:\/\/www.cnbb.org.br\/cnbb-app\/wp\/v2\/users\/83"}],"replies":[{"embeddable":true,"href":"https:\/\/www.cnbb.org.br\/cnbb-app\/wp\/v2\/comments?post=25128"}],"version-history":[{"count":0,"href":"https:\/\/www.cnbb.org.br\/cnbb-app\/wp\/v2\/posts\/25128\/revisions"}],"wp:featuredmedia":[{"embeddable":true,"href":"https:\/\/www.cnbb.org.br\/cnbb-app\/wp\/v2\/media\/25129"}],"wp:attachment":[{"href":"https:\/\/www.cnbb.org.br\/cnbb-app\/wp\/v2\/media?parent=25128"}],"wp:term":[{"taxonomy":"category","embeddable":true,"href":"https:\/\/www.cnbb.org.br\/cnbb-app\/wp\/v2\/categories?post=25128"},{"taxonomy":"post_tag","embeddable":true,"href":"https:\/\/www.cnbb.org.br\/cnbb-app\/wp\/v2\/tags?post=25128"}],"curies":[{"name":"wp","href":"https:\/\/api.w.org\/{rel}","templated":true}]}}