{"id":25134,"date":"2012-06-26T00:00:00","date_gmt":"2012-06-26T03:00:00","guid":{"rendered":"https:\/\/www.cnbb.org.br\/clero-de-ribeirao-preto-lembra-de-dom-joviano-de-lima-junior\/"},"modified":"2012-06-26T00:00:00","modified_gmt":"2012-06-26T03:00:00","slug":"clero-de-ribeirao-preto-lembra-de-dom-joviano-de-lima-junior","status":"publish","type":"post","link":"https:\/\/www.cnbb.org.br\/clero-de-ribeirao-preto-lembra-de-dom-joviano-de-lima-junior\/","title":{"rendered":"Clero de Ribeir\u00e3o Preto lembra de dom Joviano de Lima J\u00fanior"},"content":{"rendered":"<p style=\"text-align: justify\">\u201cNas m\u00e3os amorosas de Deus!\u201d, este \u00e9 o t\u00edtulo do artigo escrito pelo padre Marcelo Luiz de Sousa, representante do clero de Ribeir\u00e3o Preto (SP), sobre a vida e obra de dom Joviano de Lima J\u00fanior, arcebispo de Ribeir\u00e3o Preto (SP), falecido no \u00faltimo dia 21 de junho.<\/p>\n<p>  <!--more-->  <\/p>\n<p style=\"text-align: justify\">\u201cDiante da vida e da morte, diante dos sobressaltos porque passamos em nossos dias, diante de tanto sofrimento e de tantas fadigas do homem de hoje, n\u00e3o podemos dizer nem confessar outra coisa, a n\u00e3o ser: \u2018Eu sei que o meu Redentor, Jesus Cristo, vive!\u2019. Esta \u00e9 a grande certeza da nossa f\u00e9, do cristianismo e de seu humanismo. Esta profiss\u00e3o de f\u00e9 transforma a nossa vida, enche-a de felicidade e de alegria, abre-a \u00e0 esperan\u00e7a e\u00a0 faz o homem caminhar na luz da verdade\u201d, destaca um trecho do artigo.<\/p>\n<p style=\"text-align: justify\">Leia abaixo a \u00edntegra da mensagem:<\/p>\n<p style=\"text-align: center\"><strong>Nas m\u00e3os amorosas de Deus!<\/strong><\/p>\n<p style=\"text-align: justify\">Diante da profunda tristeza que a impactante not\u00edcia da morte de Dom Joviano nos causou, queremos abrir nossos cora\u00e7\u00f5es \u00e0 esperan\u00e7a que somente o Pai Eterno nos pode dar.<\/p>\n<p style=\"text-align: justify\">Damos gra\u00e7as a Deus por Dom Joviano, pelo dom de sua vida entre n\u00f3s. E desejamos tributar tamb\u00e9m ao ilustre irm\u00e3o, amigo, sacerdote, bispo e pastor, neste momento, todo o nosso reconhecimento e gratid\u00e3o. Mas n\u00e3o o fazemos apenas com as nossas pr\u00f3prias for\u00e7as, que, ali\u00e1s, s\u00e3o m\u00ednimas, mas com a gra\u00e7a e a for\u00e7a de Jesus Cristo que se oferece e se faz presente no mist\u00e9rio da Eucaristia.<\/p>\n<p style=\"text-align: justify\">A Palavra de Deus ilumina a vida deste nosso irm\u00e3o, da mesma forma que conforta e edifica a nossa vida.<\/p>\n<p style=\"text-align: justify\">Dom Joviano, bem poderia proclamar para n\u00f3s, hoje, com a mesma for\u00e7a e contund\u00eancia, com a mesma precis\u00e3o e fogosidade, as palavras do livro de J\u00f3 \u201dEu sei que o meu Redentor est\u00e1 vivo!\u201d.<\/p>\n<p style=\"text-align: justify\">Diante da vida e da morte, diante dos sobressaltos porque passamos em nossos dias, diante de tanto sofrimento e de tantas fadigas do homem de hoje, n\u00e3o podemos dizer nem confessar outra coisa, a n\u00e3o ser: \u201cEu sei que o meu Redentor, Jesus Cristo, vive!\u201d. Esta \u00e9 a grande certeza da nossa f\u00e9, do cristianismo e de seu humanismo.Esta profiss\u00e3o de f\u00e9 transforma a nossa vida, enche-a de felicidade e de alegria, abre-a \u00e0 esperan\u00e7a e\u00a0 faz o homem caminhar na luz da verdade.<\/p>\n<p style=\"text-align: justify\">A Palavra nos diz:\u201cFelizes os servos que o Senhor, ao chegar, encontrar acordados\u201d (Lc 12,37).<\/p>\n<p style=\"text-align: justify\">Dom Joviano faz parte dessa imensa legi\u00e3o de homens e mulheres que viveram neste mundo em permanente vig\u00edlia, sempre com as antenas ligadas, e que se deixaram apaixonar por Jesus Cristo. Toda a sua rica exist\u00eancia, exist\u00eancia operosa e cheia de m\u00e9ritos, foi marcada por uma profunda f\u00e9 e uma entrega total ao servi\u00e7o do Reino de Deus.<\/p>\n<p style=\"text-align: justify\">Sabemos que o amor de Deus traz sempre consigo a alegria, a serenidade e a paz. Lembra-nos o salmo 111: &#8220;Feliz o homem que respeita o Senhor e que ama com carinho a sua lei!&#8221;<\/p>\n<p style=\"text-align: justify\">&#8220;Ele \u00e9 correto, generoso e compassivo como luz brilha nas trevas para os justos&#8221;. Dom Joviano brilhou entre n\u00f3s como pessoa serena, alegre e pac\u00edfica. Extremamente discreto amante do sil\u00eancio e da ora\u00e7\u00e3o, culto, por\u00e9m simples, humilde. Ao tratar de coisa s\u00e9ria sabia fazer brincadeira. Destacava-se pela sua pontualidade.<\/p>\n<p style=\"text-align: justify\">A vida n\u00e3o se justifica apenas pela sua dura\u00e7\u00e3o, nem pela lembran\u00e7a, nem pelo aplauso dos outros, mas pela sua harmonia intr\u00ednseca, sobretudo pela capacidade de amar.<\/p>\n<p style=\"text-align: justify\">Perpassando a biografia de Dom Joviano, percebemos que ao chegar \u00e0 nossa arquidiocese encontrou muitos desafios, contudo conseguiu realizar muitas coisas entre n\u00f3s. Recordemos algumas delas: Criou v\u00e1rias par\u00f3quias, ordenou dezesseis padres e dois di\u00e1conos. Fundou a Escola Diaconal. Anunciou um ano mission\u00e1rio para comemorar o Centen\u00e1rio da Arquidiocese com o lan\u00e7amento do Projeto SIM &#8211; Ser Igreja em Miss\u00e3o; anunciou em janeiro de 2008 a 13\u00aa Assembleia Arquidiocesana de Pastoral.<br \/>Dom Joviano foi tamb\u00e9m membro do Conselho Episcopal da Confer\u00eancia Nacional dos Bispos do Brasil (CNBB); Presidente do Conselho Episcopal para a Liturgia; membro do Conselho Econ\u00f4mico da CNBB e membro efetivo da Comiss\u00e3o Episcopal para os Textos Lit\u00fargicos.<\/p>\n<p style=\"text-align: justify\">Hoje, sobretudo, consternados pela morte de nosso pastor queremos dar gra\u00e7as ao bom Deus pelo minist\u00e9rio sacerdotal que o Senhor lhe confiou e que ele exerceu com fidelidade e zelo at\u00e9 \u00e0 hora de sua morte.<\/p>\n<p style=\"text-align: justify\">Pastor conforme o cora\u00e7\u00e3o de Deus amou intensamente seu povo, em benef\u00edcio do qual n\u00e3o poupou esfor\u00e7os nem sacrif\u00edcios, nos v\u00e1rios lugares em que exerceu seu minist\u00e9rio pastoral: Na Congrega\u00e7\u00e3o dos Padres Sacramentinos, pelo mundo afora,e conosco nesta Arquidiocese como Arcebispo, durante este curto per\u00edodo nos mostrou que se faz necess\u00e1rio dilatar o cora\u00e7\u00e3o de Jesus no mundo e como fiel disc\u00edpulo de S.Pedro Juli\u00e3o Eymard , \u00e9 preciso amar verdadeiramente a Eucaristia.<\/p>\n<p style=\"text-align: justify\">Cora\u00e7\u00e3o inquieto, como Santa Teresa \u201cnada te perturbe\u201d e Santo Agostinho, amou e buscou apaixonadamente a suprema sabedoria, a Verdade e a beleza de Deus.<\/p>\n<p style=\"text-align: justify\">Irm\u00e3os a vida do homem sobre a terra \u00e9 uma busca constante da plenitude de Deus. Esta plenitude que de alguma forma, misteriosamente, se oculta em nossas vicissitudes humanas. A este respeito Santo Agostinho dizia: \u201cFizeste-nos para ti Senhor, e o nosso cora\u00e7\u00e3o estar\u00e1 inquieto at\u00e9 que n\u00e3o repousa em ti\u201d.<\/p>\n<p style=\"text-align: justify\">&#8220;Deus \u00e9 a raz\u00e3o perfeita, o fim \u00faltimo e a felicidade suprema do s\u00e1bio&#8221; (S\u00f3crates). Dom Joviano encontrou-o definitivamente e p\u00f4de receber o amoroso abra\u00e7o do Pai no perene encontro, aguardado durante toda a sua vida, por\u00e9m deixa-nos envoltos em sentimentos de profunda gratid\u00e3o, de esperan\u00e7a e de saudade, pois sempre &#8220;no tempo da vida que passa&#8230; h\u00e1 sinais de esperan\u00e7a que ficam&#8221;. Obrigado, Dom Joviano, mais uma vez, pelo testemunho de sua vida!<\/p>\n<p style=\"text-align: justify\">Querido Pai e amigo, hoje encerraste teu peregrinar entre n\u00f3s. Muito obrigado por teu sim ao Senhor na voca\u00e7\u00e3o sacerdotal; obrigado por ter vivido com alegria teu minist\u00e9rio sacerdotal; obrigado por tua entrega generosa e desinteressada; obrigado por tua inoc\u00eancia e jovialidade; obrigado por ter partilhado conosco teus dons de mente e de cora\u00e7\u00e3o. Que tua vida oferecida por amor desperte muitas e santas voca\u00e7\u00f5es nesta Arquidiocese e em toda a Igreja.<\/p>\n<p style=\"text-align: justify\">Dos umbrais da casa de Deus, Dom Joviano, olhai por n\u00f3s!<\/p>\n<p style=\"text-align: center\"><em><strong>Padre Marcelo Luiz de Sousa<br \/>Representante dos Presb\u00edteros<\/strong><\/em><\/p>\n","protected":false},"excerpt":{"rendered":"<p>\u201cNas m\u00e3os amorosas de Deus!\u201d, este \u00e9 o t\u00edtulo do artigo escrito pelo padre Marcelo Luiz de Sousa, representante do clero de Ribeir\u00e3o Preto (SP), sobre a vida e obra de dom Joviano de Lima J\u00fanior, arcebispo de Ribeir\u00e3o Preto (SP), falecido no \u00faltimo dia 21 de junho.<\/p>\n","protected":false},"author":83,"featured_media":25135,"comment_status":"open","ping_status":"open","sticky":false,"template":"","format":"standard","meta":{"site-sidebar-layout":"default","site-content-layout":"default","ast-global-header-display":"","ast-banner-title-visibility":"","ast-main-header-display":"","ast-hfb-above-header-display":"","ast-hfb-below-header-display":"","ast-hfb-mobile-header-display":"","site-post-title":"","ast-breadcrumbs-content":"","ast-featured-img":"","footer-sml-layout":"","theme-transparent-header-meta":"","adv-header-id-meta":"","stick-header-meta":"","header-above-stick-meta":"","header-main-stick-meta":"","header-below-stick-meta":""},"categories":[769,772],"tags":[],"acf":[],"_links":{"self":[{"href":"https:\/\/www.cnbb.org.br\/cnbb-app\/wp\/v2\/posts\/25134"}],"collection":[{"href":"https:\/\/www.cnbb.org.br\/cnbb-app\/wp\/v2\/posts"}],"about":[{"href":"https:\/\/www.cnbb.org.br\/cnbb-app\/wp\/v2\/types\/post"}],"author":[{"embeddable":true,"href":"https:\/\/www.cnbb.org.br\/cnbb-app\/wp\/v2\/users\/83"}],"replies":[{"embeddable":true,"href":"https:\/\/www.cnbb.org.br\/cnbb-app\/wp\/v2\/comments?post=25134"}],"version-history":[{"count":0,"href":"https:\/\/www.cnbb.org.br\/cnbb-app\/wp\/v2\/posts\/25134\/revisions"}],"wp:featuredmedia":[{"embeddable":true,"href":"https:\/\/www.cnbb.org.br\/cnbb-app\/wp\/v2\/media\/25135"}],"wp:attachment":[{"href":"https:\/\/www.cnbb.org.br\/cnbb-app\/wp\/v2\/media?parent=25134"}],"wp:term":[{"taxonomy":"category","embeddable":true,"href":"https:\/\/www.cnbb.org.br\/cnbb-app\/wp\/v2\/categories?post=25134"},{"taxonomy":"post_tag","embeddable":true,"href":"https:\/\/www.cnbb.org.br\/cnbb-app\/wp\/v2\/tags?post=25134"}],"curies":[{"name":"wp","href":"https:\/\/api.w.org\/{rel}","templated":true}]}}