{"id":25176,"date":"2012-10-22T00:00:00","date_gmt":"2012-10-22T02:00:00","guid":{"rendered":"https:\/\/www.cnbb.org.br\/assembleia-das-igrejas-do-regional-sul-1-debate-o-ano-da-fe-e-a-juventude\/"},"modified":"2012-10-22T00:00:00","modified_gmt":"2012-10-22T02:00:00","slug":"assembleia-das-igrejas-do-regional-sul-1-debate-o-ano-da-fe-e-a-juventude","status":"publish","type":"post","link":"https:\/\/www.cnbb.org.br\/assembleia-das-igrejas-do-regional-sul-1-debate-o-ano-da-fe-e-a-juventude\/","title":{"rendered":"Assembleia das Igrejas do Regional Sul 1 debate \u201cO ano da f\u00e9 e a Juventude\u201d"},"content":{"rendered":"<p style=\"text-align: justify\">Com uma celebra\u00e7\u00e3o de abertura presidida pelo vice-presidente do Regional Sul 1 da CNBB (S\u00e3o Paulo), dom Moacir Silva, foi aberta na tarde do \u00faltimo dia 19, a 34\u00aa Assembleia das Igrejas Particulares do Regional Sul 1, que traz como tema \u201cO ano da f\u00e9 e a juventude\u201d.<\/p>\n<p>  <!--more-->  <\/p>\n<p style=\"text-align: justify\">Em seguida os participantes se dirigiram para o audit\u00f3rio Rainha dos Ap\u00f3stolos, em Itaici (SP), com a coordena\u00e7\u00e3o do secret\u00e1rio geral do Regional, dom Tarc\u00edsio Scaramussa, e teve in\u00edcio aos trabalhos da assembleia.<\/p>\n<p style=\"text-align: justify\">O arcebispo de Campinas, dom Airton Jos\u00e9 dos Santos, acolheu a todos com uma palavra de boas vindas.\u00a0 A seguir, em nome do presidente do Regional, cardeal Odilo Pedro Scherer, ausente por estar participando do S\u00ednodo dos Bispos, em Roma, dom Moacir Silva abriu oficialmente a assembleia e leu a mensagem do Presidente.<\/p>\n<p style=\"text-align: justify\">Segundo dom Odilo, o tema tratado \u00e9 da maior import\u00e2ncia para os jovens e, por isso, tamb\u00e9m para a Igreja. \u201cFa\u00e7o votos que as reflex\u00f5es e encaminhamentos da Assembleia possam ajudar a Igreja presente no estado de S\u00e3o Paulo a colher abundantes frutos desse \u2018tempo favor\u00e1vel\u2019 que Deus nos concede para a evangeliza\u00e7\u00e3o da Juventude\u201d, escreve.<\/p>\n<p style=\"text-align: justify\">Tamb\u00e9m como parte da mensagem do presidente, dom Odilo Scherer recordou a 13\u00aa Assembleia Geral Ordin\u00e1ria do S\u00ednodo dos Bispos, \u201cmuitas reflex\u00f5es interessantes s\u00e3o feitas sobre a \u2018nova evangeliza\u00e7\u00e3o para a transmiss\u00e3o da f\u00e9 crist\u00e3\u2019. Os bispos da am\u00e9rica latina fazem frequente refer\u00eancia ao Documento de Aparecida, que j\u00e1 indicou caminhos seguros para a nova evangeliza\u00e7\u00e3o. Bispos de todas as partes do mundo manifestam, embora com acenos diferentes, que uma nova evangeliza\u00e7\u00e3o est\u00e1 sendo necess\u00e1ria e urgente\u201d.<\/p>\n<p style=\"text-align: justify\"><strong>Palestra<\/strong><\/p>\n<p style=\"text-align: justify\">A confer\u00eancia de abertura do evento foi conduzida pelo padre M\u00e1rio de Fran\u00e7a Miranda, professor do departamento de Teologia da Pontif\u00edcia Universidade Cat\u00f3lica do Rio de Janeiro, e foi membro da Comiss\u00e3o Teol\u00f3gica Pontif\u00edcia por 11 anos. Padre Fran\u00e7a compartilhou um pouco as crises de f\u00e9 pelas quais a sociedade moderna passa. Ele destacou que \u201cno contexto atual mais do que nunca, a f\u00e9 precisa ser uma op\u00e7\u00e3o livre e pessoal\u201d. Interpelou os participantes afirmando que \u201ca transmiss\u00e3o da f\u00e9 n\u00e3o \u00e9 passar um pacote de verdades que aprendemos, mas, \u00e9 passar Deus\u201d.<\/p>\n<p style=\"text-align: justify\">Durante a tarde outros temas ligados \u00e0 f\u00e9 foram apresentados por bispos do Regional Sul 1, como \u201cFundamentos da f\u00e9 cat\u00f3lica \u2013 dom J\u00falio Endi Akamine, bispo auxiliar de S\u00e3o Paulo e vig\u00e1rio episcopal da regi\u00e3o Lapa; \u201cAto de F\u00e9\u201d \u2013 dom Nelson Westrupp, bispo de Santo Andr\u00e9 e \u201cCreio\u201d &#8211;\u00a0 dom Pedro Carlos Cipolini, bispo de Amparo.<\/p>\n<p style=\"text-align: justify\">No segundo dia, a programa\u00e7\u00e3o come\u00e7ou com uma missa e, em seguida, o padre Ant\u00f4nio Ramos do Prado, assessor da Comiss\u00e3o Episcopal Pastoral para a Juventude da CNBB exp\u00f4s o tema \u201cJuventude e f\u00e9\u201d. \u00c0 luz do Documento de Aparecida, das Diretrizes Gerais da A\u00e7\u00e3o Evangelizadora da Igreja no Brasil e do Documento da CNBB n\u00ba 85 sobre a evangeliza\u00e7\u00e3o dos jovens, o assessor destacou as express\u00f5es de f\u00e9 dos jovens dentro e fora da Igreja.<\/p>\n<p style=\"text-align: justify\">Logo ap\u00f3s, aconteceu o Painel com a presen\u00e7a do bispo de Limeira, dom Vilson Dias de Oliveira, que abordou o tema Juventude e inicia\u00e7\u00e3o \u00e0 f\u00e9; dom Edmar Peron apresentou o tema Juventude e Mistagogia e o padre Paulo Gil refletiu sobre Juventude \u2013 Experi\u00eancia religiosa e eclesial.<\/p>\n<p style=\"text-align: justify\">Na opini\u00e3o do representante nacional da Pastoral da Juventude, do Regional Sul 1, J\u00falio C\u00e9sar F. Costa foi \u201cmuito bom ver padres e bispos falando sobre Juventude, evangeliza\u00e7\u00e3o da Juventude, colocando-a como protagonista deste espa\u00e7o. E not\u00e1vel a esperan\u00e7a depositada na juventude e isso nos anima mais para o trabalho pastoral\u201d.<\/p>\n<p style=\"text-align: justify\">O jovem da diocese de S\u00e3o Jos\u00e9 dos Campos (SP), Everton de Melo F\u00e9lix afirmou que: \u201cOportunidade como est\u00e1 que estamos vivenciando deveriam acontecer em todos os espa\u00e7os de nossa Igreja\u201d.<\/p>\n<p style=\"text-align: justify\">O padre Andr\u00e9 Cunha de Figueiredo, do Setor Juventude do Regional, falou sobre a Jornada Mundial da Juventude e Campanha da Fraternidade &#8211; 2013.<\/p>\n","protected":false},"excerpt":{"rendered":"<p>Com uma celebra\u00e7\u00e3o de abertura presidida pelo vice-presidente do Regional Sul 1 da CNBB (S\u00e3o Paulo), dom Moacir Silva, foi aberta na tarde do \u00faltimo dia 19, a 34\u00aa Assembleia das Igrejas Particulares do Regional Sul 1, que traz como tema \u201cO ano da f\u00e9 e a juventude\u201d.<\/p>\n","protected":false},"author":83,"featured_media":25177,"comment_status":"open","ping_status":"open","sticky":false,"template":"","format":"standard","meta":{"site-sidebar-layout":"default","site-content-layout":"default","ast-global-header-display":"","ast-banner-title-visibility":"","ast-main-header-display":"","ast-hfb-above-header-display":"","ast-hfb-below-header-display":"","ast-hfb-mobile-header-display":"","site-post-title":"","ast-breadcrumbs-content":"","ast-featured-img":"","footer-sml-layout":"","theme-transparent-header-meta":"","adv-header-id-meta":"","stick-header-meta":"","header-above-stick-meta":"","header-main-stick-meta":"","header-below-stick-meta":""},"categories":[769,772],"tags":[],"acf":[],"_links":{"self":[{"href":"https:\/\/www.cnbb.org.br\/cnbb-app\/wp\/v2\/posts\/25176"}],"collection":[{"href":"https:\/\/www.cnbb.org.br\/cnbb-app\/wp\/v2\/posts"}],"about":[{"href":"https:\/\/www.cnbb.org.br\/cnbb-app\/wp\/v2\/types\/post"}],"author":[{"embeddable":true,"href":"https:\/\/www.cnbb.org.br\/cnbb-app\/wp\/v2\/users\/83"}],"replies":[{"embeddable":true,"href":"https:\/\/www.cnbb.org.br\/cnbb-app\/wp\/v2\/comments?post=25176"}],"version-history":[{"count":0,"href":"https:\/\/www.cnbb.org.br\/cnbb-app\/wp\/v2\/posts\/25176\/revisions"}],"wp:featuredmedia":[{"embeddable":true,"href":"https:\/\/www.cnbb.org.br\/cnbb-app\/wp\/v2\/media\/25177"}],"wp:attachment":[{"href":"https:\/\/www.cnbb.org.br\/cnbb-app\/wp\/v2\/media?parent=25176"}],"wp:term":[{"taxonomy":"category","embeddable":true,"href":"https:\/\/www.cnbb.org.br\/cnbb-app\/wp\/v2\/categories?post=25176"},{"taxonomy":"post_tag","embeddable":true,"href":"https:\/\/www.cnbb.org.br\/cnbb-app\/wp\/v2\/tags?post=25176"}],"curies":[{"name":"wp","href":"https:\/\/api.w.org\/{rel}","templated":true}]}}