{"id":25180,"date":"2012-11-09T00:00:00","date_gmt":"2012-11-09T02:00:00","guid":{"rendered":"https:\/\/www.cnbb.org.br\/dom-odilo-scherer-pede-que-fieis-rezem-pela-paz-em-sao-paulo\/"},"modified":"2012-11-09T00:00:00","modified_gmt":"2012-11-09T02:00:00","slug":"dom-odilo-scherer-pede-que-fieis-rezem-pela-paz-em-sao-paulo","status":"publish","type":"post","link":"https:\/\/www.cnbb.org.br\/dom-odilo-scherer-pede-que-fieis-rezem-pela-paz-em-sao-paulo\/","title":{"rendered":"Dom Odilo Scherer pede que fi\u00e9is rezem pela paz em S\u00e3o Paulo"},"content":{"rendered":"<p style=\"text-align: justify\">Diante do crescente aumento dos \u00edndices de viol\u00eancia e o crescente aumento dos assassinatos, no estado de S\u00e3o Paulo, o arcebispo metropolitano, cardeal Odilo Pedro Scherer, recomendou que os fi\u00e9is rezem pela paz.<\/p>\n<p>  <!--more-->  <\/p>\n<p style=\"text-align: justify\">O cardeal pediu que a ora\u00e7\u00e3o seja divulgada nos meios de comunica\u00e7\u00e3o e nas m\u00eddias digitais, e que \u201cas pessoas, fam\u00edlias, grupos, comunidades e par\u00f3quias a rezarem pela paz em nossa cidade\u201d, disse.<\/p>\n<p style=\"text-align: justify\"><a href=\"http:\/\/www.arquidiocesedesaopaulo.org.br\/sites\/arquidiocesedesaopaulo.pucsp.br\/files\/Rezemos%20pela%20paz%20em%20S%C3%A3o%20Paulo.pdf\" target=\"_blank\" rel=\"noopener\">Baixe a ora\u00e7\u00e3o em PDF clicando aqui.<\/a><\/p>\n","protected":false},"excerpt":{"rendered":"<p>Diante do crescente aumento dos \u00edndices de viol\u00eancia e o crescente aumento dos assassinatos, no estado de S\u00e3o Paulo, o arcebispo metropolitano, cardeal Odilo Pedro Scherer, recomendou que os fi\u00e9is rezem pela paz.<\/p>\n","protected":false},"author":83,"featured_media":25181,"comment_status":"open","ping_status":"open","sticky":false,"template":"","format":"standard","meta":{"site-sidebar-layout":"default","site-content-layout":"default","ast-global-header-display":"","ast-banner-title-visibility":"","ast-main-header-display":"","ast-hfb-above-header-display":"","ast-hfb-below-header-display":"","ast-hfb-mobile-header-display":"","site-post-title":"","ast-breadcrumbs-content":"","ast-featured-img":"","footer-sml-layout":"","theme-transparent-header-meta":"","adv-header-id-meta":"","stick-header-meta":"","header-above-stick-meta":"","header-main-stick-meta":"","header-below-stick-meta":""},"categories":[769,772],"tags":[],"acf":[],"_links":{"self":[{"href":"https:\/\/www.cnbb.org.br\/cnbb-app\/wp\/v2\/posts\/25180"}],"collection":[{"href":"https:\/\/www.cnbb.org.br\/cnbb-app\/wp\/v2\/posts"}],"about":[{"href":"https:\/\/www.cnbb.org.br\/cnbb-app\/wp\/v2\/types\/post"}],"author":[{"embeddable":true,"href":"https:\/\/www.cnbb.org.br\/cnbb-app\/wp\/v2\/users\/83"}],"replies":[{"embeddable":true,"href":"https:\/\/www.cnbb.org.br\/cnbb-app\/wp\/v2\/comments?post=25180"}],"version-history":[{"count":0,"href":"https:\/\/www.cnbb.org.br\/cnbb-app\/wp\/v2\/posts\/25180\/revisions"}],"wp:featuredmedia":[{"embeddable":true,"href":"https:\/\/www.cnbb.org.br\/cnbb-app\/wp\/v2\/media\/25181"}],"wp:attachment":[{"href":"https:\/\/www.cnbb.org.br\/cnbb-app\/wp\/v2\/media?parent=25180"}],"wp:term":[{"taxonomy":"category","embeddable":true,"href":"https:\/\/www.cnbb.org.br\/cnbb-app\/wp\/v2\/categories?post=25180"},{"taxonomy":"post_tag","embeddable":true,"href":"https:\/\/www.cnbb.org.br\/cnbb-app\/wp\/v2\/tags?post=25180"}],"curies":[{"name":"wp","href":"https:\/\/api.w.org\/{rel}","templated":true}]}}