{"id":25192,"date":"2013-01-09T00:00:00","date_gmt":"2013-01-09T02:00:00","guid":{"rendered":"https:\/\/www.cnbb.org.br\/dom-odilo-convida-participantes-do-curso-de-verao-a-darem-testemunho-de-fe\/"},"modified":"2013-01-09T00:00:00","modified_gmt":"2013-01-09T02:00:00","slug":"dom-odilo-convida-participantes-do-curso-de-verao-a-darem-testemunho-de-fe","status":"publish","type":"post","link":"https:\/\/www.cnbb.org.br\/dom-odilo-convida-participantes-do-curso-de-verao-a-darem-testemunho-de-fe\/","title":{"rendered":"Dom Odilo convida participantes do Curso de Ver\u00e3o a \u2018darem testemunho de f\u00e9\u2019"},"content":{"rendered":"<p style=\"text-align: justify\">Na manh\u00e3 de segunda-feira, 7 de janeiro, o cardeal arcebispo de S\u00e3o Paulo, dom Odilo Pedro Scherer, esteve presente na abertura do segundo dia do 26\u00ba Curso de Ver\u00e3o, promovido pelo Centro Ecum\u00eanico de Servi\u00e7o \u00e0 Evangeliza\u00e7\u00e3o e Educa\u00e7\u00e3o Popular (CESEEP), que tem como tema \u201cRedes Digitais: Tecendo Rela\u00e7\u00f5es, construindo comunidades, exercendo cidadania\u201d.<\/p>\n<p>  <!--more-->  <\/p>\n<p style=\"text-align: justify\">Durante a sua sauda\u00e7\u00e3o, o cardeal destacou que este \u00e9 um momento muito especial para conhecer e \u201cdesfrutar da cidade, mas, sobretudo do Curso de Ver\u00e3o\u201d. Dom Odilo ressaltou que o tema das redes \u00e9 um assunto que est\u00e1 em voga na sociedade hoje em dia. \u201cOntem ainda eu escutava sobre em que estamos apenas no \u2018B-A-BA\u2019, que vir\u00e1 a ser toda essa tem\u00e1tica da comunica\u00e7\u00e3o em rede, da nossa intera\u00e7\u00e3o com as m\u00eddias, com as eletr\u00f4nicas, que vai acabar com uma esp\u00e9cie de extens\u00e3o de n\u00f3s mesmos. No futuro n\u00f3s estaremos muito mais conectados, n\u00e3o apenas para informa\u00e7\u00e3o e n\u00e3o apenas de entretenimento, mas de comunica\u00e7\u00e3o vital, como por exemplo: nosso organismo, nosso corpo f\u00edsico\u201d, disse o arcebispo.<\/p>\n<p style=\"text-align: justify\">O arcebispo refletiu ainda sobre a influ\u00eancia das redes e da conex\u00e3o dentro da viv\u00eancia de f\u00e9. \u201cConvido a todos os que creem e professam valores, para que usem dos meios virtuais para passar seu testemunho a fim de que este mundo seja melhor a partir da comunica\u00e7\u00e3o desses valores que traduzem a busca do mist\u00e9rio\u201d, afirmou.<\/p>\n","protected":false},"excerpt":{"rendered":"<p>Na manh\u00e3 de segunda-feira, 7 de janeiro, o cardeal arcebispo de S\u00e3o Paulo, dom Odilo Pedro Scherer, esteve presente na abertura do segundo dia do 26\u00ba Curso de Ver\u00e3o, promovido pelo Centro Ecum\u00eanico de Servi\u00e7o \u00e0 Evangeliza\u00e7\u00e3o e Educa\u00e7\u00e3o Popular (CESEEP), que tem como tema \u201cRedes Digitais: Tecendo Rela\u00e7\u00f5es, construindo comunidades, exercendo cidadania\u201d.<\/p>\n","protected":false},"author":83,"featured_media":25193,"comment_status":"open","ping_status":"open","sticky":false,"template":"","format":"standard","meta":{"site-sidebar-layout":"default","site-content-layout":"default","ast-global-header-display":"","ast-banner-title-visibility":"","ast-main-header-display":"","ast-hfb-above-header-display":"","ast-hfb-below-header-display":"","ast-hfb-mobile-header-display":"","site-post-title":"","ast-breadcrumbs-content":"","ast-featured-img":"","footer-sml-layout":"","theme-transparent-header-meta":"","adv-header-id-meta":"","stick-header-meta":"","header-above-stick-meta":"","header-main-stick-meta":"","header-below-stick-meta":""},"categories":[769,772],"tags":[],"acf":[],"_links":{"self":[{"href":"https:\/\/www.cnbb.org.br\/cnbb-app\/wp\/v2\/posts\/25192"}],"collection":[{"href":"https:\/\/www.cnbb.org.br\/cnbb-app\/wp\/v2\/posts"}],"about":[{"href":"https:\/\/www.cnbb.org.br\/cnbb-app\/wp\/v2\/types\/post"}],"author":[{"embeddable":true,"href":"https:\/\/www.cnbb.org.br\/cnbb-app\/wp\/v2\/users\/83"}],"replies":[{"embeddable":true,"href":"https:\/\/www.cnbb.org.br\/cnbb-app\/wp\/v2\/comments?post=25192"}],"version-history":[{"count":0,"href":"https:\/\/www.cnbb.org.br\/cnbb-app\/wp\/v2\/posts\/25192\/revisions"}],"wp:featuredmedia":[{"embeddable":true,"href":"https:\/\/www.cnbb.org.br\/cnbb-app\/wp\/v2\/media\/25193"}],"wp:attachment":[{"href":"https:\/\/www.cnbb.org.br\/cnbb-app\/wp\/v2\/media?parent=25192"}],"wp:term":[{"taxonomy":"category","embeddable":true,"href":"https:\/\/www.cnbb.org.br\/cnbb-app\/wp\/v2\/categories?post=25192"},{"taxonomy":"post_tag","embeddable":true,"href":"https:\/\/www.cnbb.org.br\/cnbb-app\/wp\/v2\/tags?post=25192"}],"curies":[{"name":"wp","href":"https:\/\/api.w.org\/{rel}","templated":true}]}}