{"id":25194,"date":"2013-01-09T00:00:00","date_gmt":"2013-01-09T02:00:00","guid":{"rendered":"https:\/\/www.cnbb.org.br\/padre-domingos-savio-o-novo-reitor-do-santuario-nacional-de-aparecida\/"},"modified":"2013-01-09T00:00:00","modified_gmt":"2013-01-09T02:00:00","slug":"padre-domingos-savio-o-novo-reitor-do-santuario-nacional-de-aparecida","status":"publish","type":"post","link":"https:\/\/www.cnbb.org.br\/padre-domingos-savio-o-novo-reitor-do-santuario-nacional-de-aparecida\/","title":{"rendered":"Padre Domingos S\u00e1vio, o novo reitor do Santu\u00e1rio Nacional de Aparecida"},"content":{"rendered":"<p style=\"text-align: justify\">No dia 2 de fevereiro, o Mission\u00e1rio Redentorista, padre Domingos S\u00e1vio, tomar\u00e1 posse como novo reitor do Santu\u00e1rio Nacional de Aparecida, em substitui\u00e7\u00e3o ao monsenhor Jos\u00e9 Darci Nicioli, rec\u00e9m-nomeado bispo auxiliar da arquidiocese de Aparecida.<\/p>\n<p><!--more--><\/p>\n<p style=\"text-align: justify\">Em recente entrevista ao Portal A12, padre Domingos S\u00e1vio falou da alegria de trabalhar no Santu\u00e1rio e, assim, poder realizar um sonho ainda dos tempos de quando iniciou os estudos no Semin\u00e1rio. Sobre as expectativas em rela\u00e7\u00e3o aos trabalhos na reitoria, padre Domingos disse que \u201co mais importante \u00e9 colocar Nossa Senhora na frente de todos os trabalhos do Santu\u00e1rio, acolher o romeiro com o cora\u00e7\u00e3o e carinho de Nossa Senhora Aparecida e fazer de tudo para que todos possam encontrar Jesus e em Jesus o sentido de sua vida\u201c.<\/p>\n<p style=\"text-align: justify\">Ainda sobre a nova miss\u00e3o, padre Domingos destacou que ter\u00e1 como objetivo \u201cajudar os romeiros a fazerem uma experi\u00eancia de f\u00e9, seja no Santu\u00e1rio ou pelos meios de comunica\u00e7\u00e3o (r\u00e1dio, TV e Portal), de forma que possam sentir o lado materno de Deus na Casa da M\u00e3e\u201d, disse.<\/p>\n<p style=\"text-align: justify\"><strong>Hist\u00f3rico<\/strong><\/p>\n<p style=\"text-align: justify\">Padre Domingos S\u00e1vio da Silva, conhecido como padre Domingos, nasceu no dia 17 agosto de 1947, em Lorena. Ordenou-se di\u00e1cono no dia 30 de novembro de 1974, aos 27 anos e foi ordenado padre no dia 29 de junho do ano seguinte, na Catedral de Lorena.<\/p>\n<p style=\"text-align: justify\">Formado bacharel em Filosofia pelo Instituto Redentorista de Estudos Superiores de S\u00e3o Paulo, e em Teologia, concluiu o mestrado em Sagrada Escritura pelo Pontif\u00edcio Instituto B\u00edblico de Roma, na It\u00e1lia. Neste mestrado, fez dois semestres na Universidade Hebraica de Jerusal\u00e9m em Israel. \u00c9\u00a0 tamb\u00e9m doutor em Ci\u00eancias da Religi\u00e3o com concentra\u00e7\u00e3o em B\u00edblia pela Universidade Metodista de S\u00e3o Paulo.<\/p>\n<p style=\"text-align: justify\">J\u00e1 exerceu o cargo de p\u00e1roco por um ano, de vig\u00e1rio paroquial por 3 anos, por outros 3 anos atuou nas atividades pastorais do Santu\u00e1rio Nacional, al\u00e9m de ter coordenado o Noviciado Redentorista da Prov\u00edncia de S\u00e3o Paulo por 7 anos, e o Pr\u00e9-Noviciado no mesmo local por outros 2 anos. Em 2012, retornou \u00e0 pastoral do Santu\u00e1rio em Aparecida.<\/p>\n","protected":false},"excerpt":{"rendered":"<p>No dia 2 de fevereiro, o Mission\u00e1rio Redentorista, padre Domingos S\u00e1vio, tomar\u00e1 posse como novo reitor do Santu\u00e1rio Nacional de Aparecida, em substitui\u00e7\u00e3o ao monsenhor Jos\u00e9 Darci Nicioli, rec\u00e9m-nomeado bispo auxiliar da arquidiocese de Aparecida.<\/p>\n","protected":false},"author":83,"featured_media":25195,"comment_status":"open","ping_status":"open","sticky":false,"template":"","format":"standard","meta":{"site-sidebar-layout":"default","site-content-layout":"default","ast-global-header-display":"","ast-banner-title-visibility":"","ast-main-header-display":"","ast-hfb-above-header-display":"","ast-hfb-below-header-display":"","ast-hfb-mobile-header-display":"","site-post-title":"","ast-breadcrumbs-content":"","ast-featured-img":"","footer-sml-layout":"","theme-transparent-header-meta":"","adv-header-id-meta":"","stick-header-meta":"","header-above-stick-meta":"","header-main-stick-meta":"","header-below-stick-meta":""},"categories":[769,772],"tags":[],"acf":[],"_links":{"self":[{"href":"https:\/\/www.cnbb.org.br\/cnbb-app\/wp\/v2\/posts\/25194"}],"collection":[{"href":"https:\/\/www.cnbb.org.br\/cnbb-app\/wp\/v2\/posts"}],"about":[{"href":"https:\/\/www.cnbb.org.br\/cnbb-app\/wp\/v2\/types\/post"}],"author":[{"embeddable":true,"href":"https:\/\/www.cnbb.org.br\/cnbb-app\/wp\/v2\/users\/83"}],"replies":[{"embeddable":true,"href":"https:\/\/www.cnbb.org.br\/cnbb-app\/wp\/v2\/comments?post=25194"}],"version-history":[{"count":0,"href":"https:\/\/www.cnbb.org.br\/cnbb-app\/wp\/v2\/posts\/25194\/revisions"}],"wp:featuredmedia":[{"embeddable":true,"href":"https:\/\/www.cnbb.org.br\/cnbb-app\/wp\/v2\/media\/25195"}],"wp:attachment":[{"href":"https:\/\/www.cnbb.org.br\/cnbb-app\/wp\/v2\/media?parent=25194"}],"wp:term":[{"taxonomy":"category","embeddable":true,"href":"https:\/\/www.cnbb.org.br\/cnbb-app\/wp\/v2\/categories?post=25194"},{"taxonomy":"post_tag","embeddable":true,"href":"https:\/\/www.cnbb.org.br\/cnbb-app\/wp\/v2\/tags?post=25194"}],"curies":[{"name":"wp","href":"https:\/\/api.w.org\/{rel}","templated":true}]}}