{"id":25204,"date":"2013-01-30T00:00:00","date_gmt":"2013-01-30T02:00:00","guid":{"rendered":"https:\/\/www.cnbb.org.br\/celebracao-inter-religiosa-em-sao-paulo\/"},"modified":"2013-01-30T00:00:00","modified_gmt":"2013-01-30T02:00:00","slug":"celebracao-inter-religiosa-em-sao-paulo","status":"publish","type":"post","link":"https:\/\/www.cnbb.org.br\/celebracao-inter-religiosa-em-sao-paulo\/","title":{"rendered":"Celebra\u00e7\u00e3o inter-religiosa em S\u00e3o Paulo"},"content":{"rendered":"<p style=\"text-align: justify\">A\u00a0 Arquidiocese de S\u00e3o Paulo e o Instituto Vladimir Herzog promoveram encontro entre religi\u00f5es monote\u00edstas abra\u00e2micas, dia 25 de janeiro, na Catedral da S\u00e9. O ato inter-religioso, lembrou os 50 anos do Conc\u00edlio Vaticano II e da Declara\u00e7\u00e3o Conciliar Nostra Aetate, sobre a rela\u00e7\u00e3o da Igreja com as religi\u00f5es n\u00e3o-crist\u00e3s.<\/p>\n<p><!--more--><\/p>\n<p style=\"text-align: justify\"><em>A mat\u00e9ria \u00e9 de Nay\u00e1 Fernandes, especial para o jornal O S\u00e3o Paulo:<\/em><\/p>\n<p style=\"text-align: justify\">O ato terminou com uma cantata c\u00eanica que recordou os 70 da morte de Anne Frank,apresentada pela Rede Cultural Luther King com o maestro Martinho Lutero Galati de Oliveira. Representantes das tradi\u00e7\u00f5es crist\u00e3, budista, hindu\u00edsta, mul\u00e7umana, esp\u00edrita e de matriz africana estiveram no ato, que contou tamb\u00e9m com a presen\u00e7a do ator Rodrigo Ramos, na leitura de trechos da Nostra Aetate, intercalados por cantos e falas dos l\u00edderes religiosos.<\/p>\n<p style=\"text-align: justify\">\u201cDesde sua funda\u00e7\u00e3o, a cidade foi marcada pela presen\u00e7a e acolhida \u00e0s diferentes tradi\u00e7\u00f5es religiosas que sempre deram sua contribui\u00e7\u00e3o para a cidade dos mil povos\u201d, ressaltou c\u00f4nego Jos\u00e9 Bizon, diretor da Casa da Reconcilia\u00e7\u00e3o e encarregado da Pastoral do Di\u00e1logo Ecum\u00eanico e Inter- religioso da Arquidiocese de S\u00e3o Paulo. Dom Odilo Pedro Scherer, arcebispo metropolitano de S\u00e3o Paulo, ressaltou a import\u00e2ncia do evento na catedral e recordou os documentos conciliares. \u201cDeus \u00e9 honrado se n\u00f3s, por meio da religi\u00e3o, soubermos viver o respeito e a valoriza\u00e7\u00e3o rec\u00edproca. Cada um tem a pr\u00f3pria consci\u00eancia, onde se encontra consigo mesmo e com o pr\u00f3ximo, assim \u00e9 necess\u00e1rio valorizar a consci\u00eancia humana, pois ali est\u00e1 a dignidade e a liberdade de cada um\u201d.<\/p>\n<p style=\"text-align: justify\">\n\u201cNeste momento, queremos lembrar tamb\u00e9m a jovem judia Anne Frank e Vladimir Herzog [que morreu em 1975 em decorr\u00eancia de maus tratos sofridos pelo Departamento de Ordem Pol\u00edtica e Social (DOPS)], que foi pessoa de destaque nos tempos obscuros que o Brasil viveu durante a ditadura militar\u201d, continuou o Cardeal. Raul Meyer, membro da diretoria da Federa\u00e7\u00e3o Judaica de S\u00e3o Paulo e do Centro de Cultura Judaica, destacou alguns fatos da hist\u00f3ria de Anne Frank e lembrou a import\u00e2ncia do respeito \u00e0s culturas. \u201cAnne foi uma menina que viveu escondida e morreu prematuramente por n\u00e3o ser considerada, pelos nazistas, pertencente \u00e0 ra\u00e7a pura. Ser diferente n\u00e3o \u00e9 ser menos. O que nos diferencia n\u00e3o tira nosso valor\u201d. O Di\u00e1rio de Anne Frank, cantata composta em 1958, ilustra a trag\u00e9dia que assolou o mundo na \u00e9poca. A primeira audi\u00e7\u00e3o completa foi realizada na Berlin Staats Oper, na Alemanha, em seguida, no Conservat\u00f3rio Giuseppe Verdi de Milano (It\u00e1lia) e, recentemente, em 2012, no Audit\u00f3rio Ibirapuera de S\u00e3o Paulo.<\/p>\n<p style=\"text-align: justify\">\u201c\u00c9 a primeira vez que o coro se apresenta no anivers\u00e1rio de S\u00e3o Paulo. Por\u00e9m, na grande celebra\u00e7\u00e3o, presidida por dom Paulo Evaristo Arns, [arcebispo de S\u00e3o Paulo quando morreu Vladimir Herzog], que reuniu milhares de pessoas na catedral, o coro estava presente\u201d, disse ao O S\u00c3O PAULO, Martinho Lutero, maestro e fundador da Rede Cultural Luther King. Para Andr\u00e9ia Balbino, 23 anos, membro da Rede Cultural Luther King, \u201c\u00e9 sempre muito emocionante cantar com o coro. A gente faz m\u00fasica que diz alguma coisa mais profunda para as pessoas. A morte de Anne foi um acontecimento triste, mas que precisa ser lembrado para que n\u00e3o se repita e \u00e9 bom fazer isso cantando\u201d.<\/p>\n<p style=\"text-align: justify\">\u201cEste foi um evento de grande beleza e import\u00e2ncia, tanto para a Igreja quanto para a cidade que comemorou 459 anos em grande estilo. Acredito que atos solenes, onde representantes das diversas religi\u00f5es podem expressar seus pontos de vista acerca de temas fundamentais \u00e0 sociedade, tornam mais palp\u00e1vel a unidade na diversidade entre os povos e culturas de nosso<br \/>\nmundo\u201d, destacou Luan Rocha, estudante que participou do ato e colaborou como volunt\u00e1rio<\/p>\n<p style=\"text-align: justify\">(NAY\u00c1 FERNANDES<br \/>\nESPECIAL PARA O S\u00c3O PAULO)<\/p>\n","protected":false},"excerpt":{"rendered":"<p>A\u00a0 Arquidiocese de S\u00e3o Paulo e o Instituto Vladimir Herzog promoveram encontro entre religi\u00f5es monote\u00edstas abra\u00e2micas, dia 25 de janeiro, na Catedral da S\u00e9. O ato inter-religioso, lembrou os 50 anos do Conc\u00edlio Vaticano II e da Declara\u00e7\u00e3o Conciliar Nostra Aetate, sobre a rela\u00e7\u00e3o da Igreja com as religi\u00f5es n\u00e3o-crist\u00e3s.<\/p>\n","protected":false},"author":83,"featured_media":25205,"comment_status":"open","ping_status":"open","sticky":false,"template":"","format":"standard","meta":{"site-sidebar-layout":"default","site-content-layout":"default","ast-global-header-display":"","ast-banner-title-visibility":"","ast-main-header-display":"","ast-hfb-above-header-display":"","ast-hfb-below-header-display":"","ast-hfb-mobile-header-display":"","site-post-title":"","ast-breadcrumbs-content":"","ast-featured-img":"","footer-sml-layout":"","theme-transparent-header-meta":"","adv-header-id-meta":"","stick-header-meta":"","header-above-stick-meta":"","header-main-stick-meta":"","header-below-stick-meta":""},"categories":[769,772],"tags":[],"acf":[],"_links":{"self":[{"href":"https:\/\/www.cnbb.org.br\/cnbb-app\/wp\/v2\/posts\/25204"}],"collection":[{"href":"https:\/\/www.cnbb.org.br\/cnbb-app\/wp\/v2\/posts"}],"about":[{"href":"https:\/\/www.cnbb.org.br\/cnbb-app\/wp\/v2\/types\/post"}],"author":[{"embeddable":true,"href":"https:\/\/www.cnbb.org.br\/cnbb-app\/wp\/v2\/users\/83"}],"replies":[{"embeddable":true,"href":"https:\/\/www.cnbb.org.br\/cnbb-app\/wp\/v2\/comments?post=25204"}],"version-history":[{"count":0,"href":"https:\/\/www.cnbb.org.br\/cnbb-app\/wp\/v2\/posts\/25204\/revisions"}],"wp:featuredmedia":[{"embeddable":true,"href":"https:\/\/www.cnbb.org.br\/cnbb-app\/wp\/v2\/media\/25205"}],"wp:attachment":[{"href":"https:\/\/www.cnbb.org.br\/cnbb-app\/wp\/v2\/media?parent=25204"}],"wp:term":[{"taxonomy":"category","embeddable":true,"href":"https:\/\/www.cnbb.org.br\/cnbb-app\/wp\/v2\/categories?post=25204"},{"taxonomy":"post_tag","embeddable":true,"href":"https:\/\/www.cnbb.org.br\/cnbb-app\/wp\/v2\/tags?post=25204"}],"curies":[{"name":"wp","href":"https:\/\/api.w.org\/{rel}","templated":true}]}}