{"id":25222,"date":"2013-05-02T00:00:00","date_gmt":"2013-05-02T03:00:00","guid":{"rendered":"https:\/\/www.cnbb.org.br\/dirigentes-nacionais-de-diversas-expressoes-laicais-se-reunem-em-sao-paulo\/"},"modified":"2013-05-02T00:00:00","modified_gmt":"2013-05-02T03:00:00","slug":"dirigentes-nacionais-de-diversas-expressoes-laicais-se-reunem-em-sao-paulo","status":"publish","type":"post","link":"https:\/\/www.cnbb.org.br\/dirigentes-nacionais-de-diversas-expressoes-laicais-se-reunem-em-sao-paulo\/","title":{"rendered":"Dirigentes nacionais de diversas express\u00f5es laicais se re\u00fanem em S\u00e3o Paulo"},"content":{"rendered":"<p style=\"text-align: justify\">A convite do Setor Leigos da Comiss\u00e3o Episcopal para o Laicato, juntamente com o Conselho Nacional dos Leigos e Leigas do Brasil (CNLB), nos dias 20 e 21 de abril, estiveram reunidos no\u00a0 Centro Mariapolis Ginetta, em Vargem Grande Paulista &#8211; SP, os dirigentes nacionais de diversas express\u00f5es laicais (Apostolado da Ora\u00e7\u00e3o, Associa\u00e7\u00e3o Institui\u00e7\u00e3o Teresiana, Caminho Neocatecumenal, Comunidade Nossa Senhora da Esperan\u00e7a, Confedera\u00e7\u00e3o Nacional das Congrega\u00e7\u00f5es Marianas, Conselho Nacional das Irmandades de S\u00e3o Benedito, Encontro de Casais com Cristo, Legi\u00e3o de Maria, Movimento Apost\u00f3lico de Schoenstatt, Movimento Comunh\u00e3o e Liberta\u00e7\u00e3o, Movimento das Equipes Docentes, Movimento dos Focolares, Movimento F\u00e9 e Luz, Movimento dos Trabalhadores Crist\u00e3os, Obra Kolping do Brasil, Ordem Franciscana Secular e Renova\u00e7\u00e3o Carism\u00e1tica Cat\u00f3lica) e membros da Comiss\u00e3o (Dom Giovane, Dom Celso e o Assessor Geraldo Aguiar).<\/p>\n<p><!--more--><\/p>\n<p style=\"text-align: justify\">A reuni\u00e3o teve como objetivo fortalecer a rede que se tem constru\u00eddo; refletir e dialogar, a partir das Diretrizes Gerais da A\u00e7\u00e3o Evangelizadora da Igreja no Brasil, sobre as rela\u00e7\u00f5es entre Movimentos, Associa\u00e7\u00f5es e Servi\u00e7os Eclesiais e as Igrejas Particulares\/Par\u00f3quias; avaliar e retomar os encaminhamentos do IV ENMEAL (Encontro nacional acontecido no recife em novembro de 2012); informar sobre o poss\u00edvel \u201cAno do Laicato\u201d e partilhar a caminhada das v\u00e1rias express\u00f5es laicais que se fizeram presentes.<\/p>\n<p style=\"text-align: justify\">Esse grupo j\u00e1 se re\u00fane, anualmente, h\u00e1 cinco anos e tem conseguido criar caminhos de conhecimento m\u00fatuo, partilha de informa\u00e7\u00f5es, programas de forma\u00e7\u00e3o e troca de experi\u00eancias. Discutem em plen\u00e1rio e em grupos sobre os avan\u00e7os e retrocessos dessa caminhada, prop\u00f5em trabalhos em comum e, especialmente, experimentam a grande diversidade de dons e carismas que comp\u00f5e o cen\u00e1rio da Igreja atual.<\/p>\n<p style=\"text-align: justify\">No in\u00edcio dos trabalhos foi apresentado um painel com o tema \u201cReflex\u00e3o e di\u00e1logo sobre as rela\u00e7\u00f5es entre os Movimentos, Associa\u00e7\u00f5es e Servi\u00e7os Eclesiais, seus membros e as Igrejas Particulares(Dioceses)\/Par\u00f3quias\u201d. Foram painelistas: Profa. Maria Elenise Mesquita, Pe. Alexandre Awi Mello e Dom Giovane Pereira de Melo, bispo de Tocantin\u00f3polis e referencial do Setor Leigos.<\/p>\n<p style=\"text-align: justify\"><img decoding=\"async\" loading=\"lazy\" class=\" alignright size-full wp-image-18726\" style=\"float: right\" src=\"https:\/\/www.cnbb.org.br\/wp-content\/uploads\/2020\/03\/Leigos2.jpg\" alt=\"Leigos2\" width=\"327\" height=\"246\" \/>A palavra chave dos expositores foi \u201cconhecimento\u201d.\u00a0 Eles argumentaram que conhecer rompe os preconceitos, traz luz aos relacionamentos e ameniza as tens\u00f5es. E explicaram que os movimentos e associa\u00e7\u00f5es laicais s\u00e3o muito importantes para a vida da Igreja do Brasil, muitos s\u00e3o frutos do Conc\u00edlio Vaticano II e t\u00eam origem internacional. Respondem aos desafios dos tempos modernos, s\u00e3o meios \u00e1geis de reuni\u00e3o, alimentam la\u00e7os afetivos entre os membros e dos membros com a comunidade local, formam os seus membros de maneira organizada, integral e constante e mobilizam jovens. Os expositores conclu\u00edram dizendo n\u00e3o haver d\u00favidas que os dons e carismas dos jovens s\u00e3o um grande tesouro da Igreja.<\/p>\n<p style=\"text-align: justify\">Os desafios que apareceram nos di\u00e1logos foram: Como integrar o membro do movimento\/servi\u00e7o\/associa\u00e7\u00e3o \u00e0s atividades da par\u00f3quia, quando algumas vezes o movimento tem um dinamismo que ultrapassa o territ\u00f3rio paroquial? Como aproveitar o material, a forma\u00e7\u00e3o dada pelos movimentos e coloc\u00e1-los a servi\u00e7o da Igreja particular? Como entender e dirimir as limita\u00e7\u00f5es que est\u00e3o presentes tanto nos membros, como nos dirigentes dos diversos grupos existentes e tamb\u00e9m por parte de alguns p\u00e1rocos?<\/p>\n<p style=\"text-align: justify\">Foi lembrado que no IV ENMEAL houve v\u00e1rias reivindica\u00e7\u00f5es sobre a necessidade de melhorar a comunica\u00e7\u00e3o entre as express\u00f5es laicais e delas com a par\u00f3quia nas quais est\u00e3o inseridas, tamb\u00e9m de aprimorarem o uso das diversas m\u00eddias dispon\u00edveis e de socializarem as informa\u00e7\u00f5es de maneiras mais r\u00e1pida e eficiente.<\/p>\n<p style=\"text-align: justify\">Geraldo Aguiar e Dom Giovane trouxeram ainda informa\u00e7\u00f5es sobre os trabalhos desenvolvidos na 51\u00aa. Assembleia Geral, realizada de 10 a 19 de abril em Aparecida. Houve muito interesse entre os participantes da reuni\u00e3o de dirigentes sobre o tema que l\u00e1 foi estudado: \u201cComunidade de Comunidades, Uma Nova Par\u00f3quia\u201d, visto que o mesmo tem rela\u00e7\u00e3o direta com a viv\u00eancia dos movimentos e suas pr\u00e1ticas.<\/p>\n<p style=\"text-align: justify\">Com momentos de ora\u00e7\u00e3o, discuss\u00e3o, estudo e partilha a reuni\u00e3o trouxe aos participantes a oportunidade da conviv\u00eancia fraterna e a esperan\u00e7a de que a caminhada poder\u00e1 ser muito mais s\u00f3lida se realizada em comunh\u00e3o.<\/p>\n","protected":false},"excerpt":{"rendered":"<p>A convite do Setor Leigos da Comiss\u00e3o Episcopal para o Laicato, juntamente com o Conselho Nacional dos Leigos e Leigas do Brasil (CNLB), nos dias 20 e 21 de abril, estiveram reunidos no\u00a0 Centro Mariapolis Ginetta, em Vargem Grande Paulista &#8211; SP, os dirigentes nacionais de diversas express\u00f5es laicais (Apostolado da Ora\u00e7\u00e3o, Associa\u00e7\u00e3o Institui\u00e7\u00e3o Teresiana, &hellip;<\/p>\n<p class=\"read-more\"> <a class=\"\" href=\"https:\/\/www.cnbb.org.br\/dirigentes-nacionais-de-diversas-expressoes-laicais-se-reunem-em-sao-paulo\/\"> <span class=\"screen-reader-text\">Dirigentes nacionais de diversas express\u00f5es laicais se re\u00fanem em S\u00e3o Paulo<\/span> Leia mais &raquo;<\/a><\/p>\n","protected":false},"author":83,"featured_media":25224,"comment_status":"open","ping_status":"open","sticky":false,"template":"","format":"standard","meta":{"site-sidebar-layout":"default","site-content-layout":"default","ast-global-header-display":"","ast-banner-title-visibility":"","ast-main-header-display":"","ast-hfb-above-header-display":"","ast-hfb-below-header-display":"","ast-hfb-mobile-header-display":"","site-post-title":"","ast-breadcrumbs-content":"","ast-featured-img":"","footer-sml-layout":"","theme-transparent-header-meta":"","adv-header-id-meta":"","stick-header-meta":"","header-above-stick-meta":"","header-main-stick-meta":"","header-below-stick-meta":""},"categories":[769,772],"tags":[],"acf":[],"_links":{"self":[{"href":"https:\/\/www.cnbb.org.br\/cnbb-app\/wp\/v2\/posts\/25222"}],"collection":[{"href":"https:\/\/www.cnbb.org.br\/cnbb-app\/wp\/v2\/posts"}],"about":[{"href":"https:\/\/www.cnbb.org.br\/cnbb-app\/wp\/v2\/types\/post"}],"author":[{"embeddable":true,"href":"https:\/\/www.cnbb.org.br\/cnbb-app\/wp\/v2\/users\/83"}],"replies":[{"embeddable":true,"href":"https:\/\/www.cnbb.org.br\/cnbb-app\/wp\/v2\/comments?post=25222"}],"version-history":[{"count":0,"href":"https:\/\/www.cnbb.org.br\/cnbb-app\/wp\/v2\/posts\/25222\/revisions"}],"wp:featuredmedia":[{"embeddable":true,"href":"https:\/\/www.cnbb.org.br\/cnbb-app\/wp\/v2\/media\/25224"}],"wp:attachment":[{"href":"https:\/\/www.cnbb.org.br\/cnbb-app\/wp\/v2\/media?parent=25222"}],"wp:term":[{"taxonomy":"category","embeddable":true,"href":"https:\/\/www.cnbb.org.br\/cnbb-app\/wp\/v2\/categories?post=25222"},{"taxonomy":"post_tag","embeddable":true,"href":"https:\/\/www.cnbb.org.br\/cnbb-app\/wp\/v2\/tags?post=25222"}],"curies":[{"name":"wp","href":"https:\/\/api.w.org\/{rel}","templated":true}]}}