{"id":25263,"date":"2013-10-22T00:00:00","date_gmt":"2013-10-22T02:00:00","guid":{"rendered":"https:\/\/www.cnbb.org.br\/35o-assembleia-do-regional-sul-1-debateu-a-renovacao-das-paroquias\/"},"modified":"2013-10-22T00:00:00","modified_gmt":"2013-10-22T02:00:00","slug":"35o-assembleia-do-regional-sul-1-debateu-a-renovacao-das-paroquias","status":"publish","type":"post","link":"https:\/\/www.cnbb.org.br\/35o-assembleia-do-regional-sul-1-debateu-a-renovacao-das-paroquias\/","title":{"rendered":"35\u00aa Assembleia do regional Sul 1 debateu a renova\u00e7\u00e3o das par\u00f3quias"},"content":{"rendered":"<p style=\"text-align: justify\">A necessidade da renova\u00e7\u00e3o paroquial apontada pelo Estudo 104 da CNBB, \u201cComunidade de comunidades: uma nova par\u00f3quia&#8221;, foi tema de reflex\u00e3o da 35\u00aa Assembleia das Igrejas Particulares do regional Sul 1. O evento aconteceu de 18 a 20 de outubro, em Indaiatuba (SP), com presen\u00e7a de mais de 220 participantes, entre bispos, padres, religiosas e leigos de todo o estado de S\u00e3o Paulo.<\/p>\n<p>  <!--more-->  <\/p>\n<p style=\"text-align: justify\">A assessoria foi do bispo de Amparo (SP) e membro da Comiss\u00e3o da CNBB de reda\u00e7\u00e3o do estudo 104, dom Pedro Carlos Cipolini. Na exposi\u00e7\u00e3o, o bispo ressaltou alguns pontos necess\u00e1rios para a renova\u00e7\u00e3o paroquial: a descentraliza\u00e7\u00e3o, corresponsabilidade, ministerialidade, perten\u00e7a, poder-servi\u00e7o, missionariedade, transforma\u00e7\u00e3o social. Dom Pedro apresentou o Estudo com base no Documento de Aparecida, nas Diretrizes Gerais da A\u00e7\u00e3o Evangelizadora da Igreja no Brasil e nas palavras do papa Francisco aos bispos da CNBB e do Celam. \u201cHoje estamos em um novo momento, uma mudan\u00e7a de \u00e9poca. Sendo assim, \u00e9 cada vez mais urgente nos perguntarmos: o que Deus pede a n\u00f3s?\u201d, questionou.<\/p>\n<p style=\"text-align: justify\">O arcebispo de S\u00e3o Paulo e presidente do regional Sul 1 da CNBB, cardeal Odilo Pedro Scherer, fez refer\u00eancia \u00e0s orienta\u00e7\u00f5es do papa Francisco sobre a renova\u00e7\u00e3o da Igreja e a vida eclesial centrada em Jesus Cristo. \u201cO Santo Padre nos alerta da import\u00e2ncia de n\u00e3o perdermos a Esperan\u00e7a. Ele insiste sobre a necessidade de irmos \u00e0s periferias, ao encontro das pessoas e renovar a cultura do encontro, com Deus, com Jesus Cristo e com o outro\u201d, disse. Dom Odilo destacou, ainda, tr\u00eas pontos acerca da renova\u00e7\u00e3o das par\u00f3quias no contexto da nova evangeliza\u00e7\u00e3o, s\u00e3o eles: testemunho dos que creem, ir ao encontro e esfor\u00e7o comum para um Projeto Pastoral centrado no essencial: Jesus Cristo.<\/p>\n<p style=\"text-align: justify\"><img decoding=\"async\" loading=\"lazy\" class=\" alignright size-full wp-image-20511\" src=\"https:\/\/www.cnbb.org.br\/wp-content\/uploads\/2020\/03\/assembleiasul1_a.jpg\" width=\"322\" height=\"242\" alt=\"assembleiasul1 a\" style=\"float: right\" \/>Cinco experi\u00eancias de novas formas de comunidades evangelizadoras foram apresentadas pelo arcebispo de Sorocaba (SP), dom Eduardo Benes Rodrigues, como o Sistema Integral da Nova Evangeliza\u00e7\u00e3o (Sine), Miss\u00f5es Redentoristas, Miss\u00f5es Populares, C\u00e9lulas Cat\u00f3licas, Alpha. Os participantes se reuniram em grupos de trabalhos para reflex\u00f5es da renova\u00e7\u00e3o da par\u00f3quia e indicaram pistas de a\u00e7\u00f5es para as dioceses do regional Sul 1.<\/p>\n<p style=\"text-align: justify\">Em uma retrospectiva das atividades da Jornada Mundial da Juventude Rio 2013, o arcebispo de Aparecida (SP) e presidente da CNBB, cardeal Damasceno Assis, destacou o entusiasmo do papa Francisco em sua visita ao Brasil, como a viagem ao Santu\u00e1rio Nacional e a aten\u00e7\u00e3o e evangeliza\u00e7\u00e3o da Amaz\u00f4nia. \u201cO papa ama o povo brasileiro\u201d, disse.<\/p>\n","protected":false},"excerpt":{"rendered":"<p>A necessidade da renova\u00e7\u00e3o paroquial apontada pelo Estudo 104 da CNBB, \u201cComunidade de comunidades: uma nova par\u00f3quia&#8221;, foi tema de reflex\u00e3o da 35\u00aa Assembleia das Igrejas Particulares do regional Sul 1. O evento aconteceu de 18 a 20 de outubro, em Indaiatuba (SP), com presen\u00e7a de mais de 220 participantes, entre bispos, padres, religiosas e &hellip;<\/p>\n<p class=\"read-more\"> <a class=\"\" href=\"https:\/\/www.cnbb.org.br\/35o-assembleia-do-regional-sul-1-debateu-a-renovacao-das-paroquias\/\"> <span class=\"screen-reader-text\">35\u00aa Assembleia do regional Sul 1 debateu a renova\u00e7\u00e3o das par\u00f3quias<\/span> Leia mais &raquo;<\/a><\/p>\n","protected":false},"author":83,"featured_media":25264,"comment_status":"open","ping_status":"open","sticky":false,"template":"","format":"standard","meta":{"site-sidebar-layout":"default","site-content-layout":"default","ast-global-header-display":"","ast-banner-title-visibility":"","ast-main-header-display":"","ast-hfb-above-header-display":"","ast-hfb-below-header-display":"","ast-hfb-mobile-header-display":"","site-post-title":"","ast-breadcrumbs-content":"","ast-featured-img":"","footer-sml-layout":"","theme-transparent-header-meta":"","adv-header-id-meta":"","stick-header-meta":"","header-above-stick-meta":"","header-main-stick-meta":"","header-below-stick-meta":""},"categories":[769,772],"tags":[],"acf":[],"_links":{"self":[{"href":"https:\/\/www.cnbb.org.br\/cnbb-app\/wp\/v2\/posts\/25263"}],"collection":[{"href":"https:\/\/www.cnbb.org.br\/cnbb-app\/wp\/v2\/posts"}],"about":[{"href":"https:\/\/www.cnbb.org.br\/cnbb-app\/wp\/v2\/types\/post"}],"author":[{"embeddable":true,"href":"https:\/\/www.cnbb.org.br\/cnbb-app\/wp\/v2\/users\/83"}],"replies":[{"embeddable":true,"href":"https:\/\/www.cnbb.org.br\/cnbb-app\/wp\/v2\/comments?post=25263"}],"version-history":[{"count":0,"href":"https:\/\/www.cnbb.org.br\/cnbb-app\/wp\/v2\/posts\/25263\/revisions"}],"wp:featuredmedia":[{"embeddable":true,"href":"https:\/\/www.cnbb.org.br\/cnbb-app\/wp\/v2\/media\/25264"}],"wp:attachment":[{"href":"https:\/\/www.cnbb.org.br\/cnbb-app\/wp\/v2\/media?parent=25263"}],"wp:term":[{"taxonomy":"category","embeddable":true,"href":"https:\/\/www.cnbb.org.br\/cnbb-app\/wp\/v2\/categories?post=25263"},{"taxonomy":"post_tag","embeddable":true,"href":"https:\/\/www.cnbb.org.br\/cnbb-app\/wp\/v2\/tags?post=25263"}],"curies":[{"name":"wp","href":"https:\/\/api.w.org\/{rel}","templated":true}]}}