{"id":25299,"date":"2014-04-25T00:00:00","date_gmt":"2014-04-25T03:00:00","guid":{"rendered":"https:\/\/www.cnbb.org.br\/arquidiocese-do-rio-de-janeiro-emite-nota-sobre-ocupacao-da-catedral\/"},"modified":"2014-04-25T00:00:00","modified_gmt":"2014-04-25T03:00:00","slug":"arquidiocese-do-rio-de-janeiro-emite-nota-sobre-ocupacao-da-catedral","status":"publish","type":"post","link":"https:\/\/www.cnbb.org.br\/arquidiocese-do-rio-de-janeiro-emite-nota-sobre-ocupacao-da-catedral\/","title":{"rendered":"Arquidiocese do Rio de Janeiro emite nota sobre ocupa\u00e7\u00e3o da Catedral"},"content":{"rendered":"<p style=\"text-align: justify\"><span style=\"line-height: 1.3em\">A arquidiocese do Rio de Janeiro emitiu na quarta-feira, dia 23, uma segunda nota sobre a ocupa\u00e7\u00e3o da Catedral de S\u00e3o Sebasti\u00e3o pelos desabrigados do terreno da Oi\/Telerj. Na sexta-feira, dia 18, foi publicado um texto em que a C\u00faria\u00a0ofereceu-se para mediar uma solu\u00e7\u00e3o, ainda que parcial. O novo comunicado\u00a0afirma que representantes da arquidiocese nunca fixaram data para retirada dos manifestantes. &#8220;Ao contr\u00e1rio do que erroneamente se divulgou, n\u00e3o houve, em momento algum, por parte da Igreja manifesta\u00e7\u00e3o no sentido de retirada dos ocupantes&#8221;, diz o texto.<\/span><\/p>\n<p><!--more--><\/p>\n<p style=\"text-align: justify\">\u00a0<span style=\"line-height: 1.3em\">Confira a nota na \u00edntegra:<\/span><\/p>\n<p style=\"text-align: justify\">\u00a0A Arquidiocese do Rio de Janeiro vem atualizar as informa\u00e7\u00f5es relativas \u00e0 ocupa\u00e7\u00e3o da Catedral de S\u00e3o Sebasti\u00e3o pelo grupo OI\/Telerj.<\/p>\n<p style=\"text-align: justify\">Desde o primeiro momento, a Arquidiocese do Rio tem prestado assist\u00eancia aos efetivamente necessitados. Ao mesmo tempo, permanece em cont\u00ednua media\u00e7\u00e3o entre os necessitados e os poderes p\u00fablicos, desejando uma solu\u00e7\u00e3o definitiva para esta e para as demais quest\u00f5es ligadas \u00e0 moradia.<\/p>\n<p style=\"text-align: justify\">Considerando que as primeiras negocia\u00e7\u00f5es, ainda na sexta-feira, dia 18, n\u00e3o surtiram efeito, a Arquidiocese, nos termos da condi\u00e7\u00e3o apresentada pelos ocupantes, condi\u00e7\u00e3o essa divulgada pela imprensa, mediou o encaminhamento dos mesmos para um abrigo especial da Prefeitura, com a presen\u00e7a ininterrupta de diversas institui\u00e7\u00f5es da Igreja.<\/p>\n<p style=\"text-align: justify\">\u00c0 diferen\u00e7a da primeira proposta, todos os ocupantes seriam, nesta segunda possibilidade, conduzidos a um \u00fanico local, nos termos da solicita\u00e7\u00e3o dos ocupantes. A perman\u00eancia no abrigo se daria at\u00e9 que uma solu\u00e7\u00e3o definitiva viesse a ser encontrada. Esta segunda proposta, entretanto, n\u00e3o foi, na manh\u00e3 de hoje, aceita pelos ocupantes, que solicitaram permanecer na Catedral ainda por algum tempo.<\/p>\n<p style=\"text-align: justify\">Diante desse novo fato, a Arquidiocese do Rio de Janeiro continua acompanhando as fam\u00edlias que se encontram na Catedral, prestando-lhes apoio espiritual e humano. Ao contr\u00e1rio do que erroneamente se divulgou, n\u00e3o houve, em momento algum, por parte da Igreja manifesta\u00e7\u00e3o no sentido de retirada dos ocupantes.<\/p>\n<p style=\"text-align: justify\">\n<p style=\"text-align: center\">Rio de Janeiro, 23 de abril de 2014.<\/p>\n<p style=\"text-align: center\">Arquidiocese de S\u00e3o Sebasti\u00e3o do Rio de Janeiro<\/p>\n","protected":false},"excerpt":{"rendered":"<p>A arquidiocese do Rio de Janeiro emitiu na quarta-feira, dia 23, uma segunda nota sobre a ocupa\u00e7\u00e3o da Catedral de S\u00e3o Sebasti\u00e3o pelos desabrigados do terreno da Oi\/Telerj. Na sexta-feira, dia 18, foi publicado um texto em que a C\u00faria\u00a0ofereceu-se para mediar uma solu\u00e7\u00e3o, ainda que parcial. O novo comunicado\u00a0afirma que representantes da arquidiocese nunca &hellip;<\/p>\n<p class=\"read-more\"> <a class=\"\" href=\"https:\/\/www.cnbb.org.br\/arquidiocese-do-rio-de-janeiro-emite-nota-sobre-ocupacao-da-catedral\/\"> <span class=\"screen-reader-text\">Arquidiocese do Rio de Janeiro emite nota sobre ocupa\u00e7\u00e3o da Catedral<\/span> Leia mais &raquo;<\/a><\/p>\n","protected":false},"author":83,"featured_media":25300,"comment_status":"open","ping_status":"open","sticky":false,"template":"","format":"standard","meta":{"site-sidebar-layout":"default","site-content-layout":"default","ast-global-header-display":"","ast-banner-title-visibility":"","ast-main-header-display":"","ast-hfb-above-header-display":"","ast-hfb-below-header-display":"","ast-hfb-mobile-header-display":"","site-post-title":"","ast-breadcrumbs-content":"","ast-featured-img":"","footer-sml-layout":"","theme-transparent-header-meta":"","adv-header-id-meta":"","stick-header-meta":"","header-above-stick-meta":"","header-main-stick-meta":"","header-below-stick-meta":""},"categories":[769,772],"tags":[],"acf":[],"_links":{"self":[{"href":"https:\/\/www.cnbb.org.br\/cnbb-app\/wp\/v2\/posts\/25299"}],"collection":[{"href":"https:\/\/www.cnbb.org.br\/cnbb-app\/wp\/v2\/posts"}],"about":[{"href":"https:\/\/www.cnbb.org.br\/cnbb-app\/wp\/v2\/types\/post"}],"author":[{"embeddable":true,"href":"https:\/\/www.cnbb.org.br\/cnbb-app\/wp\/v2\/users\/83"}],"replies":[{"embeddable":true,"href":"https:\/\/www.cnbb.org.br\/cnbb-app\/wp\/v2\/comments?post=25299"}],"version-history":[{"count":0,"href":"https:\/\/www.cnbb.org.br\/cnbb-app\/wp\/v2\/posts\/25299\/revisions"}],"wp:featuredmedia":[{"embeddable":true,"href":"https:\/\/www.cnbb.org.br\/cnbb-app\/wp\/v2\/media\/25300"}],"wp:attachment":[{"href":"https:\/\/www.cnbb.org.br\/cnbb-app\/wp\/v2\/media?parent=25299"}],"wp:term":[{"taxonomy":"category","embeddable":true,"href":"https:\/\/www.cnbb.org.br\/cnbb-app\/wp\/v2\/categories?post=25299"},{"taxonomy":"post_tag","embeddable":true,"href":"https:\/\/www.cnbb.org.br\/cnbb-app\/wp\/v2\/tags?post=25299"}],"curies":[{"name":"wp","href":"https:\/\/api.w.org\/{rel}","templated":true}]}}