{"id":25324,"date":"2014-07-25T00:00:00","date_gmt":"2014-07-25T03:00:00","guid":{"rendered":"https:\/\/www.cnbb.org.br\/dom-joao-bosco-toma-posse-da-diocese-de-osasco\/"},"modified":"2014-07-25T00:00:00","modified_gmt":"2014-07-25T03:00:00","slug":"dom-joao-bosco-toma-posse-da-diocese-de-osasco","status":"publish","type":"post","link":"https:\/\/www.cnbb.org.br\/dom-joao-bosco-toma-posse-da-diocese-de-osasco\/","title":{"rendered":"Dom Jo\u00e3o Bosco toma posse da diocese de Osasco"},"content":{"rendered":"<p style=\"text-align: justify\">Cerca de dez mil pessoas estiveram presentes na cerim\u00f4nia de posse do novo bispo da diocese de Osasco (SP), dom Frei Jo\u00e3o Bosco, ocorrida no dia 20 de julho. Os cardeais Cl\u00e1udio Hummes e Odilo Pedro Scherer, respectivamente arcebispo em\u00e9rito e arcebispo de S\u00e3o Paulo, participaram da cerim\u00f4nia, ao lado de bispos de diversas dioceses e autoridades eclesi\u00e1sticas e pol\u00edticas.<\/p>\n<p><!--more--><\/p>\n<p style=\"text-align: justify\">Durante a celebra\u00e7\u00e3o de posse, foi lida a bula pontif\u00edcia, por meio da qual o papa Francisco nomeou dom Jo\u00e3o Bosco como bispo de Osasco. Em seguida, o administrador apost\u00f3lico, dom Erc\u00edlio Turco, entregou o b\u00e1culo (cajado) a dom Jo\u00e3o, que presidiu a celebra\u00e7\u00e3o eucar\u00edstica.<\/p>\n<p style=\"text-align: justify\">Dom Jo\u00e3o saudou e agradeceu os presentes. Cumprimentou tamb\u00e9m dom Erc\u00edlio, agora bispo em\u00e9rito. \u201cA miss\u00e3o do Evangelho que ele nos passa, com sua simplicidade, com sua alegria, com sua proximidade com os diocesanos. Eu quero tentar viver do mesmo modo que ele viveu sua grande miss\u00e3o\u201d, disse.<\/p>\n<h5 style=\"text-align: justify\">Com informa\u00e7\u00f5es da Pascom da diocese de Osasco<\/h5>\n","protected":false},"excerpt":{"rendered":"<p>Cerca de dez mil pessoas estiveram presentes na cerim\u00f4nia de posse do novo bispo da diocese de Osasco (SP), dom Frei Jo\u00e3o Bosco, ocorrida no dia 20 de julho. Os cardeais Cl\u00e1udio Hummes e Odilo Pedro Scherer, respectivamente arcebispo em\u00e9rito e arcebispo de S\u00e3o Paulo, participaram da cerim\u00f4nia, ao lado de bispos de diversas dioceses &hellip;<\/p>\n<p class=\"read-more\"> <a class=\"\" href=\"https:\/\/www.cnbb.org.br\/dom-joao-bosco-toma-posse-da-diocese-de-osasco\/\"> <span class=\"screen-reader-text\">Dom Jo\u00e3o Bosco toma posse da diocese de Osasco<\/span> Leia mais &raquo;<\/a><\/p>\n","protected":false},"author":83,"featured_media":25325,"comment_status":"open","ping_status":"open","sticky":false,"template":"","format":"standard","meta":{"site-sidebar-layout":"default","site-content-layout":"default","ast-global-header-display":"","ast-banner-title-visibility":"","ast-main-header-display":"","ast-hfb-above-header-display":"","ast-hfb-below-header-display":"","ast-hfb-mobile-header-display":"","site-post-title":"","ast-breadcrumbs-content":"","ast-featured-img":"","footer-sml-layout":"","theme-transparent-header-meta":"","adv-header-id-meta":"","stick-header-meta":"","header-above-stick-meta":"","header-main-stick-meta":"","header-below-stick-meta":""},"categories":[769,772],"tags":[],"acf":[],"_links":{"self":[{"href":"https:\/\/www.cnbb.org.br\/cnbb-app\/wp\/v2\/posts\/25324"}],"collection":[{"href":"https:\/\/www.cnbb.org.br\/cnbb-app\/wp\/v2\/posts"}],"about":[{"href":"https:\/\/www.cnbb.org.br\/cnbb-app\/wp\/v2\/types\/post"}],"author":[{"embeddable":true,"href":"https:\/\/www.cnbb.org.br\/cnbb-app\/wp\/v2\/users\/83"}],"replies":[{"embeddable":true,"href":"https:\/\/www.cnbb.org.br\/cnbb-app\/wp\/v2\/comments?post=25324"}],"version-history":[{"count":0,"href":"https:\/\/www.cnbb.org.br\/cnbb-app\/wp\/v2\/posts\/25324\/revisions"}],"wp:featuredmedia":[{"embeddable":true,"href":"https:\/\/www.cnbb.org.br\/cnbb-app\/wp\/v2\/media\/25325"}],"wp:attachment":[{"href":"https:\/\/www.cnbb.org.br\/cnbb-app\/wp\/v2\/media?parent=25324"}],"wp:term":[{"taxonomy":"category","embeddable":true,"href":"https:\/\/www.cnbb.org.br\/cnbb-app\/wp\/v2\/categories?post=25324"},{"taxonomy":"post_tag","embeddable":true,"href":"https:\/\/www.cnbb.org.br\/cnbb-app\/wp\/v2\/tags?post=25324"}],"curies":[{"name":"wp","href":"https:\/\/api.w.org\/{rel}","templated":true}]}}