{"id":25355,"date":"2014-12-22T00:00:00","date_gmt":"2014-12-22T02:00:00","guid":{"rendered":"https:\/\/www.cnbb.org.br\/bispo-de-barretos-toma-posse\/"},"modified":"2014-12-22T00:00:00","modified_gmt":"2014-12-22T02:00:00","slug":"bispo-de-barretos-toma-posse","status":"publish","type":"post","link":"https:\/\/www.cnbb.org.br\/bispo-de-barretos-toma-posse\/","title":{"rendered":"Bispo de Barretos toma posse"},"content":{"rendered":"<p style=\"text-align: justify\">\n<p style=\"text-align: justify\"><span style=\"line-height: 1.3em\">O bispo nomeado para a diocese de Barretos (SP), dom Milton Kenan J\u00fanior, tomou posse no domingo, dia 21, durante celebra\u00e7\u00e3o ocorrida no gin\u00e1sio de esportes Jo\u00e3o Batista da Rocha, em Barretos. Cerca de 25 bispos e mais de 100 padres estiveram presentes. O arcebispo de S\u00e3o Paulo e presidente do regional Sul da Confer\u00eancia Nacional dos Bispos do Brasil (CNBB), cardeal Odilo Pedro Scherer, participou da cerim\u00f4nia.<\/span><\/p>\n<p><!--more--><\/p>\n<p style=\"text-align: justify\"><span style=\"line-height: 1.3em\">Dom Milton \u00e9 o sexto bispo de Barretos e atuou como bispo auxiliar de S\u00e3o Paulo (SP) desde 2009, quando foi nomeado pelo papa Bento XVI. Seu lema episcopal \u00e9 \u201cEm tuas m\u00e3os\u201d. Natural de Tai\u00fava (SP), dom Milton nasceu no dia 24 de novembro de 1963. Ele estudou filosofia, teologia e possui mestrado em Teologia Espiritual pela Pontif\u00edcia Faculdade de Espiritualidade \u201cTeresianum\u201d, em Roma.<\/span><\/p>\n<p style=\"text-align: justify\">A Diocese de Barretos estava vacante desde janeiro deste ano, quando dom Edmilson Amador Caetano, que tamb\u00e9m esteve presente na cerim\u00f4nia de posse, foi nomeado bispo de Guarulhos (SP).<\/p>\n<p style=\"text-align: justify\">Participaram ainda da celebra\u00e7\u00e3o o bispo em\u00e9rito de Barretos, dom Ant\u00f4nio Gaspar, bispos da Prov\u00edncia Eclesi\u00e1stica de Ribeir\u00e3o Preto, do regional Sul 1; e de outros regionais da CNBB.<\/p>\n<h5 style=\"text-align: justify\">Com informa\u00e7\u00f5es e fotografia da diocese de Barretos<\/h5>\n<p>&nbsp;<\/p>\n<p>&nbsp;<\/p>\n<p>&nbsp;<\/p>\n","protected":false},"excerpt":{"rendered":"<p>O bispo nomeado para a diocese de Barretos (SP), dom Milton Kenan J\u00fanior, tomou posse no domingo, dia 21, durante celebra\u00e7\u00e3o ocorrida no gin\u00e1sio de esportes Jo\u00e3o Batista da Rocha, em Barretos. Cerca de 25 bispos e mais de 100 padres estiveram presentes. O arcebispo de S\u00e3o Paulo e presidente do regional Sul da Confer\u00eancia &hellip;<\/p>\n<p class=\"read-more\"> <a class=\"\" href=\"https:\/\/www.cnbb.org.br\/bispo-de-barretos-toma-posse\/\"> <span class=\"screen-reader-text\">Bispo de Barretos toma posse<\/span> Leia mais &raquo;<\/a><\/p>\n","protected":false},"author":83,"featured_media":25356,"comment_status":"open","ping_status":"open","sticky":false,"template":"","format":"standard","meta":{"site-sidebar-layout":"default","site-content-layout":"default","ast-global-header-display":"","ast-banner-title-visibility":"","ast-main-header-display":"","ast-hfb-above-header-display":"","ast-hfb-below-header-display":"","ast-hfb-mobile-header-display":"","site-post-title":"","ast-breadcrumbs-content":"","ast-featured-img":"","footer-sml-layout":"","theme-transparent-header-meta":"","adv-header-id-meta":"","stick-header-meta":"","header-above-stick-meta":"","header-main-stick-meta":"","header-below-stick-meta":""},"categories":[769,772],"tags":[],"acf":[],"_links":{"self":[{"href":"https:\/\/www.cnbb.org.br\/cnbb-app\/wp\/v2\/posts\/25355"}],"collection":[{"href":"https:\/\/www.cnbb.org.br\/cnbb-app\/wp\/v2\/posts"}],"about":[{"href":"https:\/\/www.cnbb.org.br\/cnbb-app\/wp\/v2\/types\/post"}],"author":[{"embeddable":true,"href":"https:\/\/www.cnbb.org.br\/cnbb-app\/wp\/v2\/users\/83"}],"replies":[{"embeddable":true,"href":"https:\/\/www.cnbb.org.br\/cnbb-app\/wp\/v2\/comments?post=25355"}],"version-history":[{"count":0,"href":"https:\/\/www.cnbb.org.br\/cnbb-app\/wp\/v2\/posts\/25355\/revisions"}],"wp:featuredmedia":[{"embeddable":true,"href":"https:\/\/www.cnbb.org.br\/cnbb-app\/wp\/v2\/media\/25356"}],"wp:attachment":[{"href":"https:\/\/www.cnbb.org.br\/cnbb-app\/wp\/v2\/media?parent=25355"}],"wp:term":[{"taxonomy":"category","embeddable":true,"href":"https:\/\/www.cnbb.org.br\/cnbb-app\/wp\/v2\/categories?post=25355"},{"taxonomy":"post_tag","embeddable":true,"href":"https:\/\/www.cnbb.org.br\/cnbb-app\/wp\/v2\/tags?post=25355"}],"curies":[{"name":"wp","href":"https:\/\/api.w.org\/{rel}","templated":true}]}}