{"id":25365,"date":"2015-01-27T00:00:00","date_gmt":"2015-01-27T02:00:00","guid":{"rendered":"https:\/\/www.cnbb.org.br\/dom-paulo-mascarenhas-completa-25-anos-de-episcopado\/"},"modified":"2015-01-27T00:00:00","modified_gmt":"2015-01-27T02:00:00","slug":"dom-paulo-mascarenhas-completa-25-anos-de-episcopado","status":"publish","type":"post","link":"https:\/\/www.cnbb.org.br\/dom-paulo-mascarenhas-completa-25-anos-de-episcopado\/","title":{"rendered":"Dom Paulo Mascarenhas celebra 25 anos de episcopado"},"content":{"rendered":"<p style=\"text-align: justify\"><span style=\"font-size: 12.1599998474121px;line-height: 1.3em\">Natural de S\u00e3o Geraldo (MG), dom Paulo Mascarenhas Roxo \u00e9 bispo em\u00e9rito da diocese de Mogi das Cruzes (SP). Foi nomeado em 07 de dezembro de 1989, pelo papa Jo\u00e3o Paulo II, escolhendo como lema \u201cFicai conosco Senhor\u201d. Uma missa de A\u00e7\u00e3o de Gra\u00e7as, \u00e0s 19h, na catedral Sant\u2019Ana, nesta quarta-feira, 28, celebrar\u00e1 o Jubileu de Prata da vida episcopal de dom Paulo.<\/span><\/p>\n<p><!--more--><\/p>\n<p style=\"text-align: justify\"><span style=\"font-size: 12.1599998474121px;line-height: 1.3em\">Aos 86 anos, a trajet\u00f3ria de dom Paulo \u00e9 marcada por diferentes atividades em prol da evangeliza\u00e7\u00e3o da diocese de Mogi das Cruzes. Foi respons\u00e1vel pela organiza\u00e7\u00e3o do primeiro Plano Trienal de Pastoral, cuja proposta era fortalecer a pastoral de conjunto; a reorganiza\u00e7\u00e3o da divis\u00e3o das regi\u00f5es pastorais; a mudan\u00e7a de local do Semin\u00e1rio Diocesano Sagrado Cora\u00e7\u00e3o de Jesus e a cria\u00e7\u00e3o da tradicional Festa do Semin\u00e1rio.<\/span><\/p>\n<p style=\"text-align: justify\">Criou quatro novas par\u00f3quias, sendo elas: S\u00e3o Maximiliano Kolbe (Mogi das Cruzes), Nossa Senhora das Gra\u00e7as (Itaquaquecetuba), par\u00f3quia Territorial S\u00e3o Maximiliano Kolbe (Mogi das Cruzes) e a S\u00e3o Francisco de Assis (Suzano). Apoiou a funda\u00e7\u00e3o do primeiro Col\u00e9gio Diocesano Paulo VI, em 2003.<\/p>\n<p style=\"text-align: justify\">Em junho de 2003, ao completar 75 anos, dom Paulo solicitou ren\u00fancia do episcopado, conforme prev\u00ea o C\u00f3digo de Direito Can\u00f4nico.<\/p>\n<p style=\"text-align: justify\"><em>Com informa\u00e7\u00f5es e foto da diocese de Mogi das Cruzes.\u00a0<\/em><\/p>\n","protected":false},"excerpt":{"rendered":"<p>Natural de S\u00e3o Geraldo (MG), dom Paulo Mascarenhas Roxo \u00e9 bispo em\u00e9rito da diocese de Mogi das Cruzes (SP). Foi nomeado em 07 de dezembro de 1989, pelo papa Jo\u00e3o Paulo II, escolhendo como lema \u201cFicai conosco Senhor\u201d. Uma missa de A\u00e7\u00e3o de Gra\u00e7as, \u00e0s 19h, na catedral Sant\u2019Ana, nesta quarta-feira, 28, celebrar\u00e1 o Jubileu &hellip;<\/p>\n<p class=\"read-more\"> <a class=\"\" href=\"https:\/\/www.cnbb.org.br\/dom-paulo-mascarenhas-completa-25-anos-de-episcopado\/\"> <span class=\"screen-reader-text\">Dom Paulo Mascarenhas celebra 25 anos de episcopado<\/span> Leia mais &raquo;<\/a><\/p>\n","protected":false},"author":83,"featured_media":25366,"comment_status":"open","ping_status":"open","sticky":false,"template":"","format":"standard","meta":{"site-sidebar-layout":"default","site-content-layout":"default","ast-global-header-display":"","ast-banner-title-visibility":"","ast-main-header-display":"","ast-hfb-above-header-display":"","ast-hfb-below-header-display":"","ast-hfb-mobile-header-display":"","site-post-title":"","ast-breadcrumbs-content":"","ast-featured-img":"","footer-sml-layout":"","theme-transparent-header-meta":"","adv-header-id-meta":"","stick-header-meta":"","header-above-stick-meta":"","header-main-stick-meta":"","header-below-stick-meta":""},"categories":[769,772],"tags":[],"acf":[],"_links":{"self":[{"href":"https:\/\/www.cnbb.org.br\/cnbb-app\/wp\/v2\/posts\/25365"}],"collection":[{"href":"https:\/\/www.cnbb.org.br\/cnbb-app\/wp\/v2\/posts"}],"about":[{"href":"https:\/\/www.cnbb.org.br\/cnbb-app\/wp\/v2\/types\/post"}],"author":[{"embeddable":true,"href":"https:\/\/www.cnbb.org.br\/cnbb-app\/wp\/v2\/users\/83"}],"replies":[{"embeddable":true,"href":"https:\/\/www.cnbb.org.br\/cnbb-app\/wp\/v2\/comments?post=25365"}],"version-history":[{"count":0,"href":"https:\/\/www.cnbb.org.br\/cnbb-app\/wp\/v2\/posts\/25365\/revisions"}],"wp:featuredmedia":[{"embeddable":true,"href":"https:\/\/www.cnbb.org.br\/cnbb-app\/wp\/v2\/media\/25366"}],"wp:attachment":[{"href":"https:\/\/www.cnbb.org.br\/cnbb-app\/wp\/v2\/media?parent=25365"}],"wp:term":[{"taxonomy":"category","embeddable":true,"href":"https:\/\/www.cnbb.org.br\/cnbb-app\/wp\/v2\/categories?post=25365"},{"taxonomy":"post_tag","embeddable":true,"href":"https:\/\/www.cnbb.org.br\/cnbb-app\/wp\/v2\/tags?post=25365"}],"curies":[{"name":"wp","href":"https:\/\/api.w.org\/{rel}","templated":true}]}}