{"id":25371,"date":"2015-02-02T00:00:00","date_gmt":"2015-02-02T02:00:00","guid":{"rendered":"https:\/\/www.cnbb.org.br\/santuario-nacional-de-aparecida-sp-tem-novo-reitor\/"},"modified":"2015-02-02T00:00:00","modified_gmt":"2015-02-02T02:00:00","slug":"santuario-nacional-de-aparecida-sp-tem-novo-reitor","status":"publish","type":"post","link":"https:\/\/www.cnbb.org.br\/santuario-nacional-de-aparecida-sp-tem-novo-reitor\/","title":{"rendered":"Santu\u00e1rio Nacional de Aparecida (SP) tem novo reitor"},"content":{"rendered":"<p style=\"text-align: justify\"><span style=\"font-size: 12.1599998474121px;line-height: 1.3em\">O arcebispo de Aparecida (SP) e presidente da Confer\u00eancia Nacional dos Bispos do Brasil (CNBB), cardeal dom Raymundo Damasceno Assis, deu posse ao novo reitor do Santu\u00e1rio Nacional de Aparecida. O mission\u00e1rio redentorista, padre Jo\u00e3o Batista de Almeida, substitui o atual reitor, padre Domingos S\u00e1vio. A cerim\u00f4nia de posse aconteceu hoje, 2, no Santu\u00e1rio Nacional.<\/span><\/p>\n<p><!--more--><\/p>\n<p style=\"text-align: justify\"><span style=\"font-size: 12.1599998474121px;line-height: 1.3em\">Padre Jo\u00e3o Batista foi designado como reitor do Santu\u00e1rio Nacional para um per\u00edodo de tr\u00eas anos. Permanecer\u00e1 no exerc\u00edcio at\u00e9 o fim de 2017, ano das comemora\u00e7\u00f5es dos 300 anos do encontro da imagem de Nossa Senhora nas \u00e1guas do Rio Para\u00edba do Sul.<\/span><\/p>\n<p style=\"text-align: justify\"><span style=\"font-size: 12.1599998474121px;line-height: 1.3em\">O novo reitor tem 55 anos, sendo natural de Tabuleiro (MG). O sacerdote iniciou sua caminhada religiosa aos 12 anos, quando ingressou na Congrega\u00e7\u00e3o do Sant\u00edssimo Redentor e, posteriormente, nos estudos de Filosofia na Pontif\u00edcia Universidade Cat\u00f3lica de Campinas. Em 30 de janeiro de 1983, professou os primeiros votos como Mission\u00e1rio Redentorista.<\/span><\/p>\n<p style=\"text-align: justify\"><span style=\"font-size: 12.1599998474121px;line-height: 1.3em\">Entre 1988 e 1999, padre Jo\u00e3o Batista atuou nas atividades pastorais do Santu\u00e1rio Nacional, dedicando-se exclusivamente aos trabalhos de assist\u00eancia aos romeiros de Nossa Senhora.<\/span><\/p>\n<p><strong style=\"font-size: 12.1599998474121px;line-height: 1.3em\">Vida e miss\u00e3o<\/strong><\/p>\n<p style=\"text-align: justify\">Em 1993, padre Jo\u00e3o Batista concluiu o curso de Jornalismo na Universidade de Taubat\u00e9 (SP), que havia iniciado em 1990. Em agosto de 1991 passou a fazer parte da equipe de redentoristas que dirige e administra a R\u00e1dio Aparecida. Exerceu as fun\u00e7\u00f5es de produtor, apresentador e diretor administrativo at\u00e9 dezembro de 1999. De janeiro de 2000 a fevereiro de 2004 exerceu o cargo de diretor Administrativo da Editora, Gr\u00e1fica e Livrarias Santu\u00e1rio.<\/p>\n<p style=\"text-align: justify\"><span style=\"font-size: 12.1599998474121px;line-height: 1.3em\">De 2004 a 2007, padre Jo\u00e3o Batista trabalhou com comunidades de imigrantes brasileiros e portugueses nos Estados Unidos, como membro da Comunidade redentorista na cidade de Worchester, no estado de Massachussets.<\/span><\/p>\n<p style=\"text-align: justify\"><span style=\"font-size: 12.1599998474121px;line-height: 1.3em\">Em janeiro de 2008, embarcou para a cidade de Coari no estado do Amazonas. At\u00e9 dezembro de 2010, dirigiu e administrou a R\u00e1dio Educa\u00e7\u00e3o Rural e acumulou a fun\u00e7\u00e3o de p\u00e1roco da Par\u00f3quia Sant&#8217;Ana e S\u00e3o Sebasti\u00e3o. Durante sete anos atuou como mission\u00e1rio na regi\u00e3o amaz\u00f4nica.\u00a0<\/span><\/p>\n<p style=\"text-align: justify\"><em><span style=\"font-size: 12.1599998474121px;line-height: 1.3em\">Com informa\u00e7\u00f5es do A12 e Santu\u00e1rio Nacional.\u00a0<\/span><\/em><\/p>\n","protected":false},"excerpt":{"rendered":"<p>O arcebispo de Aparecida (SP) e presidente da Confer\u00eancia Nacional dos Bispos do Brasil (CNBB), cardeal dom Raymundo Damasceno Assis, deu posse ao novo reitor do Santu\u00e1rio Nacional de Aparecida. O mission\u00e1rio redentorista, padre Jo\u00e3o Batista de Almeida, substitui o atual reitor, padre Domingos S\u00e1vio. A cerim\u00f4nia de posse aconteceu hoje, 2, no Santu\u00e1rio Nacional.<\/p>\n","protected":false},"author":83,"featured_media":25372,"comment_status":"open","ping_status":"open","sticky":false,"template":"","format":"standard","meta":{"site-sidebar-layout":"default","site-content-layout":"default","ast-global-header-display":"","ast-banner-title-visibility":"","ast-main-header-display":"","ast-hfb-above-header-display":"","ast-hfb-below-header-display":"","ast-hfb-mobile-header-display":"","site-post-title":"","ast-breadcrumbs-content":"","ast-featured-img":"","footer-sml-layout":"","theme-transparent-header-meta":"","adv-header-id-meta":"","stick-header-meta":"","header-above-stick-meta":"","header-main-stick-meta":"","header-below-stick-meta":""},"categories":[769,772],"tags":[],"acf":[],"_links":{"self":[{"href":"https:\/\/www.cnbb.org.br\/cnbb-app\/wp\/v2\/posts\/25371"}],"collection":[{"href":"https:\/\/www.cnbb.org.br\/cnbb-app\/wp\/v2\/posts"}],"about":[{"href":"https:\/\/www.cnbb.org.br\/cnbb-app\/wp\/v2\/types\/post"}],"author":[{"embeddable":true,"href":"https:\/\/www.cnbb.org.br\/cnbb-app\/wp\/v2\/users\/83"}],"replies":[{"embeddable":true,"href":"https:\/\/www.cnbb.org.br\/cnbb-app\/wp\/v2\/comments?post=25371"}],"version-history":[{"count":0,"href":"https:\/\/www.cnbb.org.br\/cnbb-app\/wp\/v2\/posts\/25371\/revisions"}],"wp:featuredmedia":[{"embeddable":true,"href":"https:\/\/www.cnbb.org.br\/cnbb-app\/wp\/v2\/media\/25372"}],"wp:attachment":[{"href":"https:\/\/www.cnbb.org.br\/cnbb-app\/wp\/v2\/media?parent=25371"}],"wp:term":[{"taxonomy":"category","embeddable":true,"href":"https:\/\/www.cnbb.org.br\/cnbb-app\/wp\/v2\/categories?post=25371"},{"taxonomy":"post_tag","embeddable":true,"href":"https:\/\/www.cnbb.org.br\/cnbb-app\/wp\/v2\/tags?post=25371"}],"curies":[{"name":"wp","href":"https:\/\/api.w.org\/{rel}","templated":true}]}}