{"id":25431,"date":"2015-11-23T00:00:00","date_gmt":"2015-11-23T02:00:00","guid":{"rendered":"https:\/\/www.cnbb.org.br\/comissao-do-sul-1-avalia-37-assembleia-das-igrejas-particulares\/"},"modified":"2015-11-23T00:00:00","modified_gmt":"2015-11-23T02:00:00","slug":"comissao-do-sul-1-avalia-37-assembleia-das-igrejas-particulares","status":"publish","type":"post","link":"https:\/\/www.cnbb.org.br\/comissao-do-sul-1-avalia-37-assembleia-das-igrejas-particulares\/","title":{"rendered":"Comiss\u00e3o do Sul 1 avalia 37\u00aa Assembleia das Igrejas Particulares"},"content":{"rendered":"<p style=\"text-align: justify\">A Comiss\u00e3o Episcopal Representativa Ampliada do regional Sul 1 da Confer\u00eancia Nacional dos Bispos do Brasil (CNBB) realizou reuni\u00e3o na sede do regional em S\u00e3o Paulo, no dia 19 de novembro, com o objetivo de avaliar a 37\u00aa Assembleia das Igrejas Particulares (AIP), ocorrida\u00a0em Itaici, Indaiatuba, nos dias 16 a 18 de outubro.<\/p>\n<p style=\"text-align: justify\">A reuni\u00e3o foi presidida pelo arcebispo de Campinas (SP) e presidente do regional Sul 1, dom Airton Jos\u00e9 dos Santos. Na ocasi\u00e3o, o secret\u00e1rio executivo, padre Nelson Rosseli Filho apresentou gr\u00e1ficos e coment\u00e1rios da avalia\u00e7\u00e3o da assembleia aos participantes.<\/p>\n<p style=\"text-align: justify\">O arcebispo anunciou ainda durante o encontro, as datas das reuni\u00f5es representativas em 2016; da Assembleia do Regional Sul 1, que acontecer\u00e1\u00a0em Aparecida (SP), nos dias 7 a 9 de junho do pr\u00f3ximo ano;\u00a0da Assembleia das Igrejas Particulares, que est\u00e1 marcada para os dias 14 a 16 de outubro de 2016, no Mosteiro da Vila Kostka, Itaici.<\/p>\n<p style=\"text-align: justify\"><strong>Campanha para Evangeliza\u00e7\u00e3o<\/strong><\/p>\n<p style=\"text-align: justify\">Outro assunto em pauta na reuni\u00e3o referiu-se \u00e0 Campanha para a Evangeliza\u00e7\u00e3o, realizada no Brasil at\u00e9 o terceiro domingo do Advento. \u201c\u00c9 necess\u00e1rio focar a import\u00e2ncia da Evangeliza\u00e7\u00e3o, n\u00e3o apenas a coleta em dinheiro. O dinheiro \u00e9 necess\u00e1rio para o trabalho a ser desenvolvido, mas \u00e9 consequ\u00eancia da conscientiza\u00e7\u00e3o quanto \u00e0 necessidade da evangeliza\u00e7\u00e3o da Igreja\u201d, disse dom Airton.<\/p>\n<h5 style=\"text-align: justify\"><strong>S\u00ednodo dos Bispos<\/strong><\/h5>\n<p style=\"text-align: justify\">Ainda na reuni\u00e3o, o arcebispo de S\u00e3o Paulo, cardeal dom Odilo Pedro Scherer, fez uma breve s\u00edntese sobre o S\u00ednodo dos Bispos sobre a Fam\u00edlia, realizado no Vaticano em outubro deste ano. \u201cA m\u00eddia destacou que o S\u00ednodo seria um debate sobre comunh\u00e3o para recasados e sobre casais do mesmo sexo. Na verdade, foi um debate amplo sobre a fam\u00edlia em todos os seus aspectos, um momento de ouvir e de testemunhar a vida em fam\u00edlia por parte dos casais convidados\u201d, afirmou.<\/p>\n<p style=\"text-align: justify\">\u201cH\u00e1 uma crise de valores, por isso se falou sobre paternidade e maternidade respons\u00e1veis, sexualidade e educa\u00e7\u00e3o. A fam\u00edlia se sente fortalecida com a presen\u00e7a da Igreja e a Igreja vive sua plenitude com a participa\u00e7\u00e3o da fam\u00edlia\u201d, completou o cardeal.<\/p>\n<p style=\"text-align: justify\">\n<p>&nbsp;<\/p>\n<p>&nbsp;<\/p>\n<p>&nbsp;<\/p>\n<p>&nbsp;<\/p>\n<p>&nbsp;<\/p>\n<p>&nbsp;<\/p>\n","protected":false},"excerpt":{"rendered":"<p>A Comiss\u00e3o Episcopal Representativa Ampliada do regional Sul 1 da Confer\u00eancia Nacional dos Bispos do Brasil (CNBB) realizou reuni\u00e3o na sede do regional em S\u00e3o Paulo, no dia 19 de novembro, com o objetivo de avaliar a 37\u00aa Assembleia das Igrejas Particulares (AIP), ocorrida\u00a0em Itaici, Indaiatuba, nos dias 16 a 18 de outubro. A reuni\u00e3o &hellip;<\/p>\n<p class=\"read-more\"> <a class=\"\" href=\"https:\/\/www.cnbb.org.br\/comissao-do-sul-1-avalia-37-assembleia-das-igrejas-particulares\/\"> <span class=\"screen-reader-text\">Comiss\u00e3o do Sul 1 avalia 37\u00aa Assembleia das Igrejas Particulares<\/span> Leia mais &raquo;<\/a><\/p>\n","protected":false},"author":83,"featured_media":25432,"comment_status":"open","ping_status":"open","sticky":false,"template":"","format":"standard","meta":{"site-sidebar-layout":"default","site-content-layout":"default","ast-global-header-display":"","ast-banner-title-visibility":"","ast-main-header-display":"","ast-hfb-above-header-display":"","ast-hfb-below-header-display":"","ast-hfb-mobile-header-display":"","site-post-title":"","ast-breadcrumbs-content":"","ast-featured-img":"","footer-sml-layout":"","theme-transparent-header-meta":"","adv-header-id-meta":"","stick-header-meta":"","header-above-stick-meta":"","header-main-stick-meta":"","header-below-stick-meta":""},"categories":[769,772],"tags":[],"acf":[],"_links":{"self":[{"href":"https:\/\/www.cnbb.org.br\/cnbb-app\/wp\/v2\/posts\/25431"}],"collection":[{"href":"https:\/\/www.cnbb.org.br\/cnbb-app\/wp\/v2\/posts"}],"about":[{"href":"https:\/\/www.cnbb.org.br\/cnbb-app\/wp\/v2\/types\/post"}],"author":[{"embeddable":true,"href":"https:\/\/www.cnbb.org.br\/cnbb-app\/wp\/v2\/users\/83"}],"replies":[{"embeddable":true,"href":"https:\/\/www.cnbb.org.br\/cnbb-app\/wp\/v2\/comments?post=25431"}],"version-history":[{"count":0,"href":"https:\/\/www.cnbb.org.br\/cnbb-app\/wp\/v2\/posts\/25431\/revisions"}],"wp:featuredmedia":[{"embeddable":true,"href":"https:\/\/www.cnbb.org.br\/cnbb-app\/wp\/v2\/media\/25432"}],"wp:attachment":[{"href":"https:\/\/www.cnbb.org.br\/cnbb-app\/wp\/v2\/media?parent=25431"}],"wp:term":[{"taxonomy":"category","embeddable":true,"href":"https:\/\/www.cnbb.org.br\/cnbb-app\/wp\/v2\/categories?post=25431"},{"taxonomy":"post_tag","embeddable":true,"href":"https:\/\/www.cnbb.org.br\/cnbb-app\/wp\/v2\/tags?post=25431"}],"curies":[{"name":"wp","href":"https:\/\/api.w.org\/{rel}","templated":true}]}}