{"id":254317,"date":"2020-10-26T11:09:24","date_gmt":"2020-10-26T14:09:24","guid":{"rendered":"https:\/\/www.cnbb.org.br\/?p=254317"},"modified":"2020-10-26T11:09:52","modified_gmt":"2020-10-26T14:09:52","slug":"solenidade-de-todos-os-santos-2","status":"publish","type":"post","link":"https:\/\/www.cnbb.org.br\/solenidade-de-todos-os-santos-2\/","title":{"rendered":"Solenidade de todos os santos"},"content":{"rendered":"<p style=\"text-align: right;\"><strong>Dom Eurico dos Santos Veloso<br \/>\n<\/strong><strong>Arcebispo Em\u00e9rito de Juiz de Fora (MG)<\/strong><\/p>\n<p style=\"text-align: justify;\"><strong>\u00a0<\/strong><\/p>\n<p style=\"text-align: justify;\">No dia primeiro de novembro, precisamente num domingo de 2020, celebramos a Solenidade de Todos os Santos. Uma Solenidade que come\u00e7ou-se a celebrar , tamb\u00e9m, em Roma, desde o s\u00e9culo IX. A <em>Lumen Gentium, <\/em>n. 39, ensina que: \u201cA Igreja \u00e9 indefectivelmente santa: Cristo amou-a como sua esposa e deu-se a si mesmo por ela a fim de santifica-la; por isso todos na Igreja s\u00e3o chamados \u00e0 santidade\u201d.<\/p>\n<p style=\"text-align: justify;\">A Igreja, que peregrina neste mundo, sempre prega que o mist\u00e9rio pascal nos santos que sofreram com Cristo e com Ele s\u00e3o glorificados; prop\u00f5e aos fi\u00e9is seus exemplos, que atraem todos ao Pai por meio de Cristo, e implora por seus merecimentos os benef\u00edcios de Deus(<em>Sacrosanctum Concilium<\/em>, n. 104).<\/p>\n<p style=\"text-align: justify;\">Hoje em uma s\u00f3 Solenidade celebram-se, junto com os santos canonizados, todos os justos de toda ra\u00e7a e na\u00e7\u00e3o, cujos nomes est\u00e3o inscritos no livro da vida(Ap 20,12).<\/p>\n<p style=\"text-align: justify;\">Na primeira leitura(Ap 7,2-4.9-14) o texto apocal\u00edptico apresenta a vis\u00e3o do autor sobre a vit\u00f3ria dos que sofreram o mart\u00edrio, permanecendo fi\u00e9is ao projeto de Jesus. O povo fiel e santo, reunido em todas as na\u00e7\u00f5es, \u00e9 aquele que faz o caminho do Cordeiro, resistindo \u00e0s persegui\u00e7\u00f5es. O grupo dos 144 mil se une \u00e0 grande multid\u00e3o para a confraterniza\u00e7\u00e3o numa liturgia universal. Os santos s\u00e3o os que, independentemente de religi\u00e3o, conservam a fidelidade do Evangelho e agora participam da gl\u00f3ria celeste.<\/p>\n<p style=\"text-align: justify;\">Na segunda leitura(1Jo 3,1-3) a boa not\u00edcia \u00e9 o belo presente que ganhamos de Deus: sentir-nos amados por ele como filhos e filhas. Cada ser humano \u00e9 objeto do amor do Pai; \u00e9 consciente dessa realidade quem conhece o Deus de Jesus de Nazar\u00e9.<\/p>\n<p style=\"text-align: justify;\">No Santo Evangelho \u2013 os das bem-aventuran\u00e7as \u2013 (Mt 5,1-12a) mostra que os bem-aventurados ou felizes s\u00e3o todos aqueles que encontraram o caminho do Reino de Deus e a ele se dedicaram; embora enfrentassem desafios e persegui\u00e7\u00f5es, mantiveram-se fi\u00e9is e perseverantes. As bem-aventuran\u00e7as s\u00e3o o melhor caminho de busca e viv\u00eancia da santidade. O Papa Francisco diz que a palavra bem-aventurado \u00e9 \u201csin\u00f4nimo de santo, porque expressa que a pessoa fiel a Deus e que vive a sua Palavra alcan\u00e7a, na doa\u00e7\u00e3o de si mesma, a verdadeira felicidade\u201d.<\/p>\n<p style=\"text-align: justify;\">Toda a vida de Cristo era um \u00fanico an\u00fancio, uma \u00fanica prega\u00e7\u00e3o da viv\u00eancia do Mist\u00e9rio Pascal. A vida de Cristo \u00e9 mist\u00e9rio \u2013 acess\u00edvel pela revela\u00e7\u00e3o e n\u00e3o exaurido por ela. Mist\u00e9rio, portanto, parcialmente revelado, e parcialmente encoberto. E Jesus vai fazer todo o esfor\u00e7o poss\u00edvel para que n\u00f3s adentremos nesta sua din\u00e2mica transformativa, que n\u00f3s aprendemos a transformar nossos sofrimentos cotidianos em paix\u00e3o \u2013 em amor intenso, em sofrimento com significado escatol\u00f3gico \u2013 nossas mortes em realidades vivificantes, nossa alegria em j\u00fabilo pascal e n\u00e3o pag\u00e3o. Para que isso ocorra, \u00e9 preciso uma transforma\u00e7\u00e3o. Precisamos aprender a inserir Cristo em tudo o que vivemos a fim de aprendermos a viver como Ele viveu. Assim, nossa vida ser\u00e1 cada vez mais configurada ao \u201cprograma\u201d delineado nas Bem-Aventuran\u00e7as(Mt 5,1-12a): contr\u00e1rias ao esp\u00edrito do mundo, elas nos revelam o modo de vida dos santos, o modo de sermos santos como Pai \u00e9 santo!<\/p>\n<p style=\"text-align: justify;\">Nesta Solenidade somos vocacionados \u00e0 santidade, somos convidados a procurar a face do Pai e esperar nele com o cora\u00e7\u00e3o \u00edntegro. Acolhendo a proposta das bem-aventuran\u00e7as formemos comunh\u00e3o com a multid\u00e3o dos que j\u00e1 foram glorificados com Cristo, Am\u00e9m! Santos de Deus, vinde em meu aux\u00edlio, anjos do Senhor correi ao nosso encontro!<\/p>\n<p>&nbsp;<\/p>\n","protected":false},"excerpt":{"rendered":"<p>Dom Eurico dos Santos Veloso Arcebispo Em\u00e9rito de Juiz de Fora (MG) \u00a0 No dia primeiro de novembro, precisamente num domingo de 2020, celebramos a Solenidade de Todos os Santos. Uma Solenidade que come\u00e7ou-se a celebrar , tamb\u00e9m, em Roma, desde o s\u00e9culo IX. A Lumen Gentium, n. 39, ensina que: \u201cA Igreja \u00e9 indefectivelmente &hellip;<\/p>\n<p class=\"read-more\"> <a class=\"\" href=\"https:\/\/www.cnbb.org.br\/solenidade-de-todos-os-santos-2\/\"> <span class=\"screen-reader-text\">Solenidade de todos os santos<\/span> Leia mais &raquo;<\/a><\/p>\n","protected":false},"author":73,"featured_media":0,"comment_status":"open","ping_status":"open","sticky":false,"template":"","format":"standard","meta":{"site-sidebar-layout":"default","site-content-layout":"default","ast-global-header-display":"","ast-banner-title-visibility":"","ast-main-header-display":"","ast-hfb-above-header-display":"","ast-hfb-below-header-display":"","ast-hfb-mobile-header-display":"","site-post-title":"","ast-breadcrumbs-content":"","ast-featured-img":"","footer-sml-layout":"","theme-transparent-header-meta":"default","adv-header-id-meta":"","stick-header-meta":"","header-above-stick-meta":"","header-main-stick-meta":"","header-below-stick-meta":""},"categories":[758],"tags":[],"acf":[],"_links":{"self":[{"href":"https:\/\/www.cnbb.org.br\/cnbb-app\/wp\/v2\/posts\/254317"}],"collection":[{"href":"https:\/\/www.cnbb.org.br\/cnbb-app\/wp\/v2\/posts"}],"about":[{"href":"https:\/\/www.cnbb.org.br\/cnbb-app\/wp\/v2\/types\/post"}],"author":[{"embeddable":true,"href":"https:\/\/www.cnbb.org.br\/cnbb-app\/wp\/v2\/users\/73"}],"replies":[{"embeddable":true,"href":"https:\/\/www.cnbb.org.br\/cnbb-app\/wp\/v2\/comments?post=254317"}],"version-history":[{"count":0,"href":"https:\/\/www.cnbb.org.br\/cnbb-app\/wp\/v2\/posts\/254317\/revisions"}],"wp:attachment":[{"href":"https:\/\/www.cnbb.org.br\/cnbb-app\/wp\/v2\/media?parent=254317"}],"wp:term":[{"taxonomy":"category","embeddable":true,"href":"https:\/\/www.cnbb.org.br\/cnbb-app\/wp\/v2\/categories?post=254317"},{"taxonomy":"post_tag","embeddable":true,"href":"https:\/\/www.cnbb.org.br\/cnbb-app\/wp\/v2\/tags?post=254317"}],"curies":[{"name":"wp","href":"https:\/\/api.w.org\/{rel}","templated":true}]}}