{"id":254333,"date":"2020-10-25T11:19:39","date_gmt":"2020-10-25T14:19:39","guid":{"rendered":"https:\/\/www.cnbb.org.br\/?p=254333"},"modified":"2020-10-26T11:20:00","modified_gmt":"2020-10-26T14:20:00","slug":"ouviu-e-juntos-com-eles-caminhou","status":"publish","type":"post","link":"https:\/\/www.cnbb.org.br\/ouviu-e-juntos-com-eles-caminhou\/","title":{"rendered":"Ouviu e juntos com eles caminhou"},"content":{"rendered":"<p style=\"text-align: right;\"><strong>Cardeal Orani Jo\u00e3o Tempesta<br \/>\n<\/strong><strong>Arcebispo do Rio de Janeiro (RJ)<\/strong><\/p>\n<p style=\"text-align: justify;\"><strong>\u00a0<\/strong><\/p>\n<p style=\"text-align: justify;\">O Dia Nacional da Juventude acontece normalmente no \u00faltimo domingo de outubro, a n\u00e3o ser quando temos elei\u00e7\u00f5es nessa data. Neste ano a nossa arquidiocese optou por celebr\u00e1-lo no s\u00e1bado dia 24 de outubro, de maneira diferente devido a pandemia da Covid-19: n\u00e3o podendo haver aglomera\u00e7\u00f5es est\u00e1 sendo realizada atrav\u00e9s dos meios de comunica\u00e7\u00e3o, antigos e novos. Assim, um grande n\u00famero de jovens poder\u00e1 participar. Afinal os jovens dos dias de hoje sempre est\u00e3o conectados na internet e ser\u00e1 uma maneira deles participar desse encontro com o Senhor.<\/p>\n<p style=\"text-align: justify;\">O Dia Nacional da Juventude deste ano tem como tema \u201c<em>Fraternidade e vida: Dom e compromisso\u201d<\/em> e o lema <em>\u201cOuviu e juntos com eles caminhou\u201d (Lc 24 -15,17). <\/em>Esse tema nos leva a refletir sobre a vida da juventude que \u00e9 dom de Deus. Como os jovens podem preservar e cuidar das suas vidas e ajud\u00e1-los a refletir como ajudar a outros tantos jovens que se encontram perdidos a reencontrarem um sentido para as suas vidas.<\/p>\n<p style=\"text-align: justify;\">A fraternidade crist\u00e3 deve impulsionar aos jovens engajados na Igreja a serem sinais de Deus para aqueles que se encontram afastados ou passando por alguma dificuldade. Celebramos recentemente o setembro amarelo que nos ajudou a refletir na situa\u00e7\u00e3o de tantos que se encontram perdidos e n\u00e3o encontram mais sentido para viver. Acabam por se afundar no caminho das drogas, da contraven\u00e7\u00e3o e tantas outras coisas que desagradam a Deus.<\/p>\n<p style=\"text-align: justify;\">Por isso cabe aos jovens engajados na Igreja a usarem de miseric\u00f3rdia e fraternidade com aqueles que se encontram nessa situa\u00e7\u00e3o a refletirem e acharem um sentido para as suas vidas, que n\u00e3o seja as drogas ou outra coisa e nem pensem em suic\u00eddio, pois somente Deus pode pedir conta da nossa vida, n\u00e3o podemos em hip\u00f3tese alguma pensar em tirar a pr\u00f3pria vida. Ajudar esses jovens a procurar Deus e a confiar em seu amor e em sua miseric\u00f3rdia e que na busca do amor a Deus possam amar aqueles que o rodeiam.<\/p>\n<p style=\"text-align: justify;\">Assim \u00e9 de extrema import\u00e2ncia a celebra\u00e7\u00e3o do Dia Nacional da Juventude desse ano e fazer com que a mensagem de Deus chegue a muitos jovens, e que possam se alegrar de fazer parte da juventude de Deus, ser parte da Igreja Cat\u00f3lica e sentirem acolhidos pelos membros da comunidade e por aqueles que o rodeiam.<\/p>\n<p style=\"text-align: justify;\">Principalmente aqueles jovens que perderam seus entes queridos durante essa pandemia e de certa maneira se revoltaram contra Deus e perderam o sentido da f\u00e9 e est\u00e3o tristes e desiludidos, que esse dia da juventude os anime e encoraje e, sobretudo, des\u00e7a sobre eles o Esp\u00edrito Santo para que criem novo \u00e2nimo com a consci\u00eancia de que o Senhor caminha conosco iluminando com a Palavra a nossa caminhada e abrindo n ossos olhos com o partir do p\u00e3o. Deus quer sempre o nosso bem e nos ama infinitamente: que ele traga o consolo para todos esses jovens.<\/p>\n<p style=\"text-align: justify;\">Podemos lembrar nesse Dia Nacional da Juventude de tantos jovens que perderam as suas vidas para as drogas, para o mundo do crime, em acidentes de carro ou moto, mas tamb\u00e9m com a atual pandemia. Pensar em suas fam\u00edlias, suas m\u00e3es que aflitas ainda sentem a dor da perda do filho. Rezar a Nossa Senhora das Dores que reconforte a dor de tantas fam\u00edlias que perderam os seus jovens e cuidar da nossa vida como um dom de Deus, que \u00e9 o que n\u00f3s somos motivados a viver atrav\u00e9s do tema do Dia Nacional da Juventude desse ano.<\/p>\n<p style=\"text-align: justify;\">O Senhor caminha conosco, assim como caminhou com os disc\u00edpulos de Ema\u00fas, ele est\u00e1 no meio de n\u00f3s, e quer caminhar conosco at\u00e9 a eternidade. O Senhor ouve as nossas afli\u00e7\u00f5es e nossos pedidos e se alegra quando agradecemos. Agrade\u00e7amos a Deus pela vida como \u00e9 o tema deste dia, reflexo do tema da Campanha da Fraternidade. Agradecer a vida que \u00e9 um dom de Deus.<\/p>\n<p style=\"text-align: justify;\">Vamos rezar a Nossa Senhora pedindo o fim dessa pandemia da Covid-19 e que Ela por intercess\u00e3o do seu filho Jesus proteja a todos n\u00f3s e toda nossa fam\u00edlia. E que no pr\u00f3ximo ano possamos estarmos juntos celebrando presencialmente o dia nacional da juventude, agradecendo a Deus por termos passado por esse momento turbulento.<\/p>\n<p style=\"text-align: justify;\">O Dia Nacional da Juventude surgiu em 1985 quando a ONU proclamou o Ano Internacional da juventude. Foi nessa ocasi\u00e3o que a CNBB assumiu como atividade permanente o DNJ. Depois do S\u00ednodo sobre a Juventude o Papa Francisco publicou o documento \u201cChristus Vivit\u201d (publicada em 25\/3\/19) que assim se inicia: \u201cEle \u00e9 a nossa esperan\u00e7a e mais bela juventude deste mundo. Tudo o que toca torna-se jovem, fica novo, enche-se de vida\u201d. Temos ainda uma outra data: no domingo de Ramos celebramos a Jornada Diocesana da Juventude (JDJ) que nos prepara para a Jornada Mundial. Em 2023 vamos viver uma nova Jornada Mundial da Juventude em Lisboa, em Portugal. Que possamos desde j\u00e1 nos preparar para estarmos l\u00e1 junto com o Papa, vivendo mais uma inesquec\u00edvel Jornada Mundial da Juventude, unindo os jovens do mundo inteiro e contagiando o mundo com a nossa f\u00e9 e alegria.<\/p>\n<p style=\"text-align: justify;\">Por fim, nos inspiremos nos santos jovens que viveram a f\u00e9 de maneira plena no seu dia a dia e serviram totalmente a Deus. Pe\u00e7amos a intercess\u00e3o de Santa Teresinha, S\u00e3o Luiz Gonzaga, S\u00e3o Domingos S\u00e1vio, que esses Santos nos ajudem a viver a santidade nos dias de hoje. N\u00e3o \u00e9 imposs\u00edvel viver a santidade nos dias de hoje, basta termos o cora\u00e7\u00e3o aberto para amar a Deus e aos irm\u00e3os que nos rodeiam.<\/p>\n<p style=\"text-align: justify;\">Pe\u00e7amos a intercess\u00e3o do Beato Carlos Acutis, um jovem que morreu com apenas quinze anos e foi beatificado recentemente. Ele faleceu em 2006, ou seja, \u00e9 um santo do nosso tempo, viveu no nosso mundo contempor\u00e2neo e evangelizava por meio da internet, que possamos nos inspirar nele e fazer o mesmo, sobretudo, agora divulgando o DNJ.<\/p>\n<p style=\"text-align: justify;\">Que Deus aben\u00e7oe e proteja todos os jovens e continue os conduzindo no caminho da f\u00e9 e aqueles que se encontram perdidos e veem sentido em sua vida, que os Esp\u00edrito Santo os cumule de for\u00e7a e coragem e possam se animar e com alegria viver a sua f\u00e9.<\/p>\n<p>&nbsp;<\/p>\n<p>&nbsp;<\/p>\n","protected":false},"excerpt":{"rendered":"<p>Cardeal Orani Jo\u00e3o Tempesta Arcebispo do Rio de Janeiro (RJ) \u00a0 O Dia Nacional da Juventude acontece normalmente no \u00faltimo domingo de outubro, a n\u00e3o ser quando temos elei\u00e7\u00f5es nessa data. Neste ano a nossa arquidiocese optou por celebr\u00e1-lo no s\u00e1bado dia 24 de outubro, de maneira diferente devido a pandemia da Covid-19: n\u00e3o podendo &hellip;<\/p>\n<p class=\"read-more\"> <a class=\"\" href=\"https:\/\/www.cnbb.org.br\/ouviu-e-juntos-com-eles-caminhou\/\"> <span class=\"screen-reader-text\">Ouviu e juntos com eles caminhou<\/span> Leia mais &raquo;<\/a><\/p>\n","protected":false},"author":31,"featured_media":0,"comment_status":"open","ping_status":"open","sticky":false,"template":"","format":"standard","meta":{"site-sidebar-layout":"default","site-content-layout":"default","ast-global-header-display":"","ast-banner-title-visibility":"","ast-main-header-display":"","ast-hfb-above-header-display":"","ast-hfb-below-header-display":"","ast-hfb-mobile-header-display":"","site-post-title":"","ast-breadcrumbs-content":"","ast-featured-img":"","footer-sml-layout":"","theme-transparent-header-meta":"default","adv-header-id-meta":"","stick-header-meta":"","header-above-stick-meta":"","header-main-stick-meta":"","header-below-stick-meta":""},"categories":[758],"tags":[],"acf":[],"_links":{"self":[{"href":"https:\/\/www.cnbb.org.br\/cnbb-app\/wp\/v2\/posts\/254333"}],"collection":[{"href":"https:\/\/www.cnbb.org.br\/cnbb-app\/wp\/v2\/posts"}],"about":[{"href":"https:\/\/www.cnbb.org.br\/cnbb-app\/wp\/v2\/types\/post"}],"author":[{"embeddable":true,"href":"https:\/\/www.cnbb.org.br\/cnbb-app\/wp\/v2\/users\/31"}],"replies":[{"embeddable":true,"href":"https:\/\/www.cnbb.org.br\/cnbb-app\/wp\/v2\/comments?post=254333"}],"version-history":[{"count":0,"href":"https:\/\/www.cnbb.org.br\/cnbb-app\/wp\/v2\/posts\/254333\/revisions"}],"wp:attachment":[{"href":"https:\/\/www.cnbb.org.br\/cnbb-app\/wp\/v2\/media?parent=254333"}],"wp:term":[{"taxonomy":"category","embeddable":true,"href":"https:\/\/www.cnbb.org.br\/cnbb-app\/wp\/v2\/categories?post=254333"},{"taxonomy":"post_tag","embeddable":true,"href":"https:\/\/www.cnbb.org.br\/cnbb-app\/wp\/v2\/tags?post=254333"}],"curies":[{"name":"wp","href":"https:\/\/api.w.org\/{rel}","templated":true}]}}