{"id":254474,"date":"2020-10-28T11:23:07","date_gmt":"2020-10-28T14:23:07","guid":{"rendered":"https:\/\/www.cnbb.org.br\/?p=254474"},"modified":"2020-10-28T11:23:07","modified_gmt":"2020-10-28T14:23:07","slug":"vaticano-anuncia-a-realizacao-do-evento-a-economia-de-francisco-de-forma-virtual-de-19-a-21-de-novembro","status":"publish","type":"post","link":"https:\/\/www.cnbb.org.br\/vaticano-anuncia-a-realizacao-do-evento-a-economia-de-francisco-de-forma-virtual-de-19-a-21-de-novembro\/","title":{"rendered":"Vaticano anuncia a realiza\u00e7\u00e3o do evento a Economia de Francisco, de forma virtual, de 19 a 21 de novembro"},"content":{"rendered":"<p style=\"text-align: justify;\">Realizou-se na manh\u00e3 da ter\u00e7a-feira, 27 de outubro, na Sala de Imprensa da Santa S\u00e9, a apresenta\u00e7\u00e3o do The Economy of Francesco, evento internacional que tem como protagonistas jovens economistas e empres\u00e1rios de todo o mundo, e que se realizar\u00e1 de 19 a 21 de novembro em live streaming no portal <a href=\"https:\/\/francescoeconomy.org\/\" target=\"_blank\" rel=\"noopener\">francescoeconomy.org.<\/a> Para o final dos tr\u00eas dias, confirmada a participa\u00e7\u00e3o &#8220;virtual&#8221; do Papa Francisco.<\/p>\n<p style=\"text-align: justify;\">Intervieram nesta manh\u00e3 padre Enzo Fortunato, diretor da Sala de Imprensa do Sacro Convento de Assis e respons\u00e1vel pela estrutura de informa\u00e7\u00e3o da \u201cEconomia de Francisco\u201d; o professor Luigino Bruni, professor catedr\u00e1tico de Economia Pol\u00edtica da Universidade Livre Maria Santissima Assunta de Roma e diretor cient\u00edfico de \u201cA Economia de Francisco\u201d; irm\u00e3 Alessandra Smerilli, professora catedr\u00e1tica de Economia Pol\u00edtica da Pontif\u00edcia Faculdade de Ci\u00eancias da Educa\u00e7\u00e3o Auxilium e membro da Comiss\u00e3o Cient\u00edfica &#8220;A Economia de Francisco&#8221;; a advogada Francesca Di Maolo, presidente do \u201cInstituto Ser\u00e1fico\u201d de Assis e membro da Comiss\u00e3o Organizadora de \u201cA Economia de Francisco\u201d; a doutora Florencia Locascio, da equipe de &#8220;A Economia de Francisco&#8221;, na modalidade remota, da Argentina.<\/p>\n<h3>Jovens s\u00e3o os protagonistas<\/h3>\n<p style=\"text-align: justify;\">A iniciativa ganhou corpo a partir do convite do Santo Padre dirigido em 11 de maio de 2019 a economistas, estudantes, empres\u00e1rios e empres\u00e1rios com menos de 35 anos.\u00a0 O Papa Francisco, de fato, pretende iniciar, com jovens e um grupo de especialistas qualificados, um processo de mudan\u00e7a global para que a economia de hoje e de amanh\u00e3 seja mais justa, fraterna inclusiva e sustent\u00e1vel, sem deixar ningu\u00e9m para tr\u00e1s.<\/p>\n<p style=\"text-align: justify;\">O encontro estava agendado para se realizar de 26 a 28 de mar\u00e7o deste ano em Assis, mas com a emerg\u00eancia provocada pela pandemia de coronav\u00edrus, acabou sendo adiado para novembro, via streaming. O pr\u00f3ximo encontro, este sim presencial, est\u00e1 programando para se realizar, sempre na cidade de S\u00e3o Francisco, no outono de 2021, quando as condi\u00e7\u00f5es de sa\u00fade permitirem a participa\u00e7\u00e3o de todos.<\/p>\n<p style=\"text-align: justify;\">A organiza\u00e7\u00e3o do evento The Economy of Francesco, em vers\u00e3o on-line, permitir\u00e1 que todos os jovens inscritos (2.000 de 120 pa\u00edses) participem do encontro nas mesmas condi\u00e7\u00f5es, de compartilhar suas experi\u00eancias, trabalhos, propostas e as reflex\u00f5es amadurecidas nos \u00faltimos meses.<\/p>\n<p style=\"text-align: justify;\">O programa do evento digital ser\u00e1 inovador, participativo e global. Assis sediar\u00e1 a &#8220;dire\u00e7\u00e3o&#8221; do evento e as transmiss\u00f5es ao vivo de locais hist\u00f3ricos franciscanos: Bas\u00edlica de S\u00e3o Francisco de Assis, Igreja de S\u00e3o Dami\u00e3o, Santu\u00e1rio de Rivotorto, Bas\u00edlica de Santa Clara, Santu\u00e1rio da Despojamento, Palazzo Monte Frumentario.<\/p>\n<p style=\"text-align: justify;\">Haver\u00e1 espa\u00e7o para confer\u00eancias com jovens economistas e empres\u00e1rios, em di\u00e1logo com personalidades de renome internacional, para discutir os temas, propostas e perspectivas da Economia de Francisco. Haver\u00e1 tamb\u00e9m momentos de medita\u00e7\u00e3o e reflex\u00e3o.<\/p>\n<p style=\"text-align: justify;\">As 12 aldeias tem\u00e1ticas, transformadas em sess\u00f5es de trabalho on-line que os jovens realizaram nos \u00faltimos meses s\u00e3o: trabalho e cuidado; gest\u00e3o e dom; finan\u00e7as e humanidade; agricultura e justi\u00e7a; energia e pobreza; lucro e voca\u00e7\u00e3o; policies for happiness; CO2 da desigualdade; neg\u00f3cios e paz; Economia \u00e9 mulher; empresas em transi\u00e7\u00e3o; vida e estilos de vida.<\/p>\n<h3>Palestrantes de renome e m\u00eddia<\/h3>\n<p style=\"text-align: justify;\">\nEst\u00e3o previstas confer\u00eancias com palestrantes de renome internacional, incluindo o pr\u00eamio Nobel Muhammad Yunus, al\u00e9m de economistas e especialistas como Kate Raworth, Jeffrey Sachs, Vandana Shiva, Stefano Zamagni, Mauro Magatti, Juan Camilo Cardenas, Jennifer Nedelsky, Sr. C\u00e9cile Renouard, assim como numerosos empres\u00e1rios com experi\u00eancia e compet\u00eancias consolidadas. Todos os palestrantes estar\u00e3o dispon\u00edveis para ouvir os jovens tamb\u00e9m em entrevistas pessoais, bem como em sess\u00f5es interativas de grupos limitados de participantes.<\/p>\n<p style=\"text-align: justify;\">O mundo precisa da criatividade e do amor dos participantes que, como artes\u00e3os do futuro, est\u00e3o tecendo a Economia de Francisco, entre o j\u00e1 e o ainda n\u00e3o.\u00a0Para a m\u00eddia que deseja fazer entrevistas e participar do evento, ser\u00e1 necess\u00e1rio enviar uma solicita\u00e7\u00e3o para accrediti@sanfrancesco.org<\/p>\n<p style=\"text-align: justify;\">A organiza\u00e7\u00e3o est\u00e1 confiada a uma Comiss\u00e3o Organizadora composta por: Diocese de Assis, Instituto Ser\u00e1fico, Munic\u00edpio de Assis, Economia de Comunh\u00e3o, e com o apoio, em nome da Santa S\u00e9, do Dicast\u00e9rio para o Servi\u00e7o de Desenvolvimento Humano Integral, que patrocina a iniciativa e as Fam\u00edlias franciscanas.<\/p>\n<p>Material multim\u00eddia, programa, informa\u00e7\u00f5es e palestras completas est\u00e3o dispon\u00edveis <a href=\"https:\/\/drive.google.com\/drive\/folders\/1kYxBiebQmlmnhO81C4HgDTgMvHqgRQZe\" target=\"_blank\" rel=\"noopener\">aqui.<\/a><\/p>\n","protected":false},"excerpt":{"rendered":"<p>A organiza\u00e7\u00e3o do evento, em vers\u00e3o on-line, permitir\u00e1 que todos os jovens inscritos (2.000 de 120 pa\u00edses) participem do encontro nas mesmas condi\u00e7\u00f5es, de compartilhar suas experi\u00eancias, trabalhos, propostas e as reflex\u00f5es amadurecidas nos \u00faltimos meses<\/p>\n","protected":false},"author":83,"featured_media":254480,"comment_status":"open","ping_status":"open","sticky":false,"template":"","format":"standard","meta":{"site-sidebar-layout":"default","site-content-layout":"default","ast-global-header-display":"","ast-banner-title-visibility":"","ast-main-header-display":"","ast-hfb-above-header-display":"","ast-hfb-below-header-display":"","ast-hfb-mobile-header-display":"","site-post-title":"","ast-breadcrumbs-content":"","ast-featured-img":"","footer-sml-layout":"","theme-transparent-header-meta":"default","adv-header-id-meta":"","stick-header-meta":"","header-above-stick-meta":"","header-main-stick-meta":"","header-below-stick-meta":""},"categories":[50,1851],"tags":[2913,3085],"acf":[],"_links":{"self":[{"href":"https:\/\/www.cnbb.org.br\/cnbb-app\/wp\/v2\/posts\/254474"}],"collection":[{"href":"https:\/\/www.cnbb.org.br\/cnbb-app\/wp\/v2\/posts"}],"about":[{"href":"https:\/\/www.cnbb.org.br\/cnbb-app\/wp\/v2\/types\/post"}],"author":[{"embeddable":true,"href":"https:\/\/www.cnbb.org.br\/cnbb-app\/wp\/v2\/users\/83"}],"replies":[{"embeddable":true,"href":"https:\/\/www.cnbb.org.br\/cnbb-app\/wp\/v2\/comments?post=254474"}],"version-history":[{"count":0,"href":"https:\/\/www.cnbb.org.br\/cnbb-app\/wp\/v2\/posts\/254474\/revisions"}],"wp:featuredmedia":[{"embeddable":true,"href":"https:\/\/www.cnbb.org.br\/cnbb-app\/wp\/v2\/media\/254480"}],"wp:attachment":[{"href":"https:\/\/www.cnbb.org.br\/cnbb-app\/wp\/v2\/media?parent=254474"}],"wp:term":[{"taxonomy":"category","embeddable":true,"href":"https:\/\/www.cnbb.org.br\/cnbb-app\/wp\/v2\/categories?post=254474"},{"taxonomy":"post_tag","embeddable":true,"href":"https:\/\/www.cnbb.org.br\/cnbb-app\/wp\/v2\/tags?post=254474"}],"curies":[{"name":"wp","href":"https:\/\/api.w.org\/{rel}","templated":true}]}}