{"id":254503,"date":"2020-10-28T15:12:20","date_gmt":"2020-10-28T18:12:20","guid":{"rendered":"https:\/\/www.cnbb.org.br\/?p=254503"},"modified":"2020-10-29T10:34:32","modified_gmt":"2020-10-29T13:34:32","slug":"conselho-permanente-da-cnbb-se-reune-virtualmente-durante-esta-quarta-feira","status":"publish","type":"post","link":"https:\/\/www.cnbb.org.br\/conselho-permanente-da-cnbb-se-reune-virtualmente-durante-esta-quarta-feira\/","title":{"rendered":"Conselho Permanente da CNBB se re\u00fane virtualmente durante esta quarta-feira"},"content":{"rendered":"<p style=\"text-align: justify;\">O Conselho Permanente da Confer\u00eancia Nacional dos Bispos do Brasil (CNBB) est\u00e1 reunido virtualmente, nesta quarta-feira, 28 de outubro. Com extensa pauta sobre assuntos ligados \u00e0 a\u00e7\u00e3o evangelizadora da Igreja e a sua contribui\u00e7\u00e3o para a sociedade, os bispos da Presid\u00eancia, os presidentes das Comiss\u00f5es Episcopais Pastorais, os presidentes dos Regionais e representantes de pastorais e organismos dividiram as atividades em duas sess\u00f5es, uma pela manh\u00e3 e outra na parte da tarde.<\/p>\n<h3 style=\"text-align: justify;\">Observat\u00f3rio de Direitos Humanos<\/h3>\n<p style=\"text-align: justify;\">Na primeira sess\u00e3o da reuni\u00e3o, os bispos foram comunicados da participa\u00e7\u00e3o da CNBB no <a href=\"https:\/\/www.cnbb.org.br\/presidente-da-cnbb-e-nomeado-como-membro-do-observatorio-dos-direitos-humanos-do-poder-judiciario\/\">Observat\u00f3rio dos Direitos Humanos do Poder Judici\u00e1rio brasileiro<\/a>, no qual ser\u00e1 representada pelo arcebispo de Belo Horizonte (MG) e presidente da entidade, dom Walmor Oliveira de Azevedo. No colegiado, a CNBB faz parte do grupo que trata de desenvolvimento sustent\u00e1vel e vulnerabilidade humana e social, com possiblidade de apresentar propostas de atua\u00e7\u00e3o na \u00e1rea relacionada.<\/p>\n<h3 style=\"text-align: justify;\">Pilar da Palavra<\/h3>\n<p style=\"text-align: justify;\">O bispo auxiliar do Rio de Janeiro (RJ) e secret\u00e1rio-geral da CNBB, dom Joel Portella Amado, deu informa\u00e7\u00f5es sobre a prepara\u00e7\u00e3o do texto que ser\u00e1 apreciado durante a 58\u00aa Assembleia Geral da CNBB com o tema da anima\u00e7\u00e3o b\u00edblica da vida e da pastoral.<\/p>\n<h3 style=\"text-align: justify;\">An\u00e1lises de conjuntura<\/h3>\n<p style=\"text-align: justify;\">Foram apresentadas aos bispos as an\u00e1lises de conjuntura social, pelo bispo de Carolina (MA), dom Francisco de Lima Soares, e eclesial, pelo padre Waldecir Gonzaga, professor da PUC-Rio.\u00a0 A An\u00e1lise de Conjuntura Social tratou das elei\u00e7\u00f5es municipais deste ano e <a href=\"https:\/\/www.cnbb.org.br\/analisedeconjuntura\/\">j\u00e1 est\u00e1 dispon\u00edvel para download<\/a>. Em sua apresenta\u00e7\u00e3o da an\u00e1lise eclesial, padre Waldecir falou dos princ\u00edpios norteadores para a an\u00e1lise, exp\u00f4s sinais observados no tempo atual e citou desafios e oportunidades para a evangeliza\u00e7\u00e3o. Ao final de cada partilha, os bispos e assessores reagiram com contribui\u00e7\u00f5es.<\/p>\n<h3 style=\"text-align: justify;\">Pacto pela Vida e pelo Brasil<\/h3>\n<p style=\"text-align: justify;\">Ainda pela manh\u00e3, dom Walmor falou sobre <a href=\"https:\/\/www.cnbb.org.br\/no-dia-mundial-da-saude-cnbb-assina-pacto-pela-vida-e-pelo-brasil\/\">Pacto pela Vida e pelo Brasil<\/a>, do qual a CNBB \u00e9 signat\u00e1ria. Para o presidente da Confer\u00eancia, h\u00e1 o desafio de abrir \u201cum caminho prof\u00e9tico, comprometido e mais forte na perspectiva de nossa Igreja dar respostas mais firmes\u201d ao contexto da sociedade brasileira.<\/p>\n<h3>Causa dos Santos<\/h3>\n<p style=\"text-align: justify;\">No in\u00edcio desta tarde, o encontro seguiu com a alegria manifestada pelos bispos sobre a decis\u00e3o do Papa Francisco de reconhecer o mart\u00edrio de Isabel Campos e as virtudes heroicas do irm\u00e3o Roberto Giovanni. Isabel Cristina Campos foi assassinada em Juiz de Fora, em 1982. J\u00e1 o Irm\u00e3o Roberto Giovanni, da Congrega\u00e7\u00e3o dos Estigmatinos, faleceu aos 90 anos, ap\u00f3s uma vida dedicada \u00e0 assist\u00eancia espiritual da popula\u00e7\u00e3o, especialmente aos pobres e doentes.<\/p>\n<p style=\"text-align: justify;\">Durante a reuni\u00e3o, o arcebispo de Mariana (MG), dom Airton Jos\u00e9 dos Santos, afirmou ser uma alegria para a Igreja local receber a not\u00edcia que a leiga de Barbacena (MG), no territ\u00f3rio da arquidiocese de Mariana, teve seu mart\u00edrio reconhecido. Junto com o arcebispo de Juiz de Fora, dom Gil Ant\u00f4nio Moreira, dom Airton buscar\u00e1 mais informa\u00e7\u00f5es com a Congrega\u00e7\u00e3o para a Causa dos Santos sobre datas e pr\u00f3ximos passos para que Isabel chegue aos altares. Dom Joel Portella manifestou alegria pelos &#8220;santos dos nossos tempos&#8221;.<\/p>\n<h3>ADI 5668<\/h3>\n<p style=\"text-align: justify;\">Os bispos tamb\u00e9m refletiram sobre a A\u00e7\u00e3o Direta de Inconstitucionalidade (ADI 5668), pautada para julgamento pelo Supremo Tribunal Federal (STF). O processo pede que d\u00ea interpreta\u00e7\u00e3o conforme\u00a0a Constitui\u00e7\u00e3o Federal ao Plano Nacional de Educa\u00e7\u00e3o (aprovado pela Lei 13.005\/2014) para reconhecer o dever constitucional das escolas p\u00fablicas e particulares de prevenir e coibir o\u00a0\u201c<em>bullying<\/em> homof\u00f3bico\u201d.\u00a0Dom Jo\u00e3o Justino de Medeiros Silva, arcebispo de Montes Claros (MG) e presidente da Comiss\u00e3o Episcopal Pastoral para a Cultura e a Educa\u00e7\u00e3o da CNBB, recordou o debate do tema quando da discuss\u00e3o, anos atr\u00e1s, dos planos nacional, estaduais e municipais de educa\u00e7\u00e3o, os quais rejeitaram refer\u00eancias \u00e0 chamada teoria de g\u00eanero.<\/p>\n<h3>Outros assuntos<\/h3>\n<p style=\"text-align: justify;\">No per\u00edodo da tarde, os membros do Conselho Permanente da CNBB discutiram sobre a <strong>Campanha \u00c9 Tempo de Cuidar da Evangeliza\u00e7\u00e3o<\/strong>, a ser realizada durante todo o m\u00eas de novembro, tendo como ponto alto, a Coleta do Bem, a ser realizada dias 21 e 22 de novembro, na solenidade de Cristo Rei.<\/p>\n<p style=\"text-align: justify;\">A mudan\u00e7a de presid\u00eancia e a situa\u00e7\u00e3o financeira do <strong>Col\u00e9gio Pio Brasileiro<\/strong>, em Roma, que pertence \u00e0 CNBB . O col\u00e9gio \u00e9 espa\u00e7o de forma\u00e7\u00e3o de padres e religiosos do Brasil em Roma.<\/p>\n<p style=\"text-align: justify;\">Foram levantadas sugest\u00f5es para a programa\u00e7\u00e3o e metodologia do <strong>Encontro virtual com os bispos do Brasil<\/strong> marcado para o dia 25 de novembro. O encontro vai reunir cerca 400 participantes.<\/p>\n<p style=\"text-align: justify;\">A Confer\u00eancia Nacional dos Religiosos do Brasil (CRB) apresentou a proposta do <strong>Observat\u00f3rio da Comunica\u00e7\u00e3o Cat\u00f3lica no Brasil.\u00a0<\/strong><\/p>\n<p style=\"text-align: justify;\">Foi detalhado o processo de realiza\u00e7\u00e3o da <strong>6\u00aa Semana Social Brasileira<\/strong>, cuja fase \u00e9 de mobiliza\u00e7\u00e3o e processos diocesanos e regionais e tamb\u00e9m da <strong>Jornada Mundial dos Pobres<\/strong>.<\/p>\n<p style=\"text-align: justify;\">Ainda foram discutidos a cria\u00e7\u00e3o de uma organiza\u00e7\u00e3o nacional que congregue a<strong> rede de entidades cat\u00f3licas que atuam no \u00e2mbito da assist\u00eancia social<\/strong>, a exemplo do que \u00e9 a Associa\u00e7\u00e3o Nacional de Escolas Cat\u00f3licas (Anec), no campo da educa\u00e7\u00e3o e ainda a cria\u00e7\u00e3o de um <strong>Escrit\u00f3rio T\u00e9cnico para a Promo\u00e7\u00e3o de Prote\u00e7\u00e3o de Crian\u00e7as e Adolescentes na Igreja Cat\u00f3lica no Brasil<\/strong>.<\/p>\n","protected":false},"excerpt":{"rendered":"<p>O Conselho Permanente da Confer\u00eancia Nacional dos Bispos do Brasil (CNBB) est\u00e1 reunido virtualmente, nesta quarta-feira, 28 de outubro. Com extensa pauta sobre assuntos ligados \u00e0 a\u00e7\u00e3o evangelizadora da Igreja e a sua contribui\u00e7\u00e3o para a sociedade, os bispos da Presid\u00eancia, os presidentes das Comiss\u00f5es Episcopais Pastorais, os presidentes dos Regionais e representantes de pastorais &hellip;<\/p>\n<p class=\"read-more\"> <a class=\"\" href=\"https:\/\/www.cnbb.org.br\/conselho-permanente-da-cnbb-se-reune-virtualmente-durante-esta-quarta-feira\/\"> <span class=\"screen-reader-text\">Conselho Permanente da CNBB se re\u00fane virtualmente durante esta quarta-feira<\/span> Leia mais &raquo;<\/a><\/p>\n","protected":false},"author":83,"featured_media":254504,"comment_status":"open","ping_status":"open","sticky":false,"template":"","format":"standard","meta":{"site-sidebar-layout":"default","site-content-layout":"default","ast-global-header-display":"","ast-banner-title-visibility":"","ast-main-header-display":"","ast-hfb-above-header-display":"","ast-hfb-below-header-display":"","ast-hfb-mobile-header-display":"","site-post-title":"","ast-breadcrumbs-content":"","ast-featured-img":"","footer-sml-layout":"","theme-transparent-header-meta":"default","adv-header-id-meta":"","stick-header-meta":"","header-above-stick-meta":"","header-main-stick-meta":"","header-below-stick-meta":""},"categories":[834,1840],"tags":[3053],"acf":[],"_links":{"self":[{"href":"https:\/\/www.cnbb.org.br\/cnbb-app\/wp\/v2\/posts\/254503"}],"collection":[{"href":"https:\/\/www.cnbb.org.br\/cnbb-app\/wp\/v2\/posts"}],"about":[{"href":"https:\/\/www.cnbb.org.br\/cnbb-app\/wp\/v2\/types\/post"}],"author":[{"embeddable":true,"href":"https:\/\/www.cnbb.org.br\/cnbb-app\/wp\/v2\/users\/83"}],"replies":[{"embeddable":true,"href":"https:\/\/www.cnbb.org.br\/cnbb-app\/wp\/v2\/comments?post=254503"}],"version-history":[{"count":0,"href":"https:\/\/www.cnbb.org.br\/cnbb-app\/wp\/v2\/posts\/254503\/revisions"}],"wp:featuredmedia":[{"embeddable":true,"href":"https:\/\/www.cnbb.org.br\/cnbb-app\/wp\/v2\/media\/254504"}],"wp:attachment":[{"href":"https:\/\/www.cnbb.org.br\/cnbb-app\/wp\/v2\/media?parent=254503"}],"wp:term":[{"taxonomy":"category","embeddable":true,"href":"https:\/\/www.cnbb.org.br\/cnbb-app\/wp\/v2\/categories?post=254503"},{"taxonomy":"post_tag","embeddable":true,"href":"https:\/\/www.cnbb.org.br\/cnbb-app\/wp\/v2\/tags?post=254503"}],"curies":[{"name":"wp","href":"https:\/\/api.w.org\/{rel}","templated":true}]}}