{"id":254547,"date":"2020-10-29T11:06:59","date_gmt":"2020-10-29T14:06:59","guid":{"rendered":"https:\/\/www.cnbb.org.br\/?p=254547"},"modified":"2020-10-29T11:07:32","modified_gmt":"2020-10-29T14:07:32","slug":"solenidade-de-todos-os-santos-3","status":"publish","type":"post","link":"https:\/\/www.cnbb.org.br\/solenidade-de-todos-os-santos-3\/","title":{"rendered":"Solenidade de todos os santos"},"content":{"rendered":"<p style=\"text-align: right;\"><strong>Dom Eurico dos Santos Veloso<br \/>\n<\/strong><strong>Arcebispo Em\u00e9rito de Juiz de Fora (MG)<\/strong><\/p>\n<p style=\"text-align: justify;\"><em><\/p>\n<p>\u201cEsses s\u00e3o os que vieram da grande tribula\u00e7\u00e3o. Lavaram e alvejaram as suas roupas no sangue do Cordeiro.\u201d (Ap 7,14)<\/em><\/p>\n<p style=\"text-align: justify;\">Celebramos na Liturgia de hoje a Solenidade de Todos os Santos. Numa s\u00f3 festa, recordamos os m\u00e9ritos de Todos os Santos, daqueles que nos precederam na f\u00e9 ou, at\u00e9 mesmo, contempor\u00e2neos que s\u00e3o exemplos <em>\u201cda gera\u00e7\u00e3o dos que O procuram [Senhor], e do Deus de Israel buscam a face\u201d (cf. Sl 23,6). <\/em>A qual, esta solenidade, resume-se a uma \u00fanica palavra: <em>SANTIDADE.<\/em><\/p>\n<p style=\"text-align: justify;\">Na Primeira Leitura, extra\u00edda do Livro do Apocalipse de S\u00e3o Jo\u00e3o (cf. Ap 7,2-4.9-14), descreve a vis\u00e3o daqueles que s\u00e3o aben\u00e7oados e protegidos de Deus. Acentuando a universalidade da salva\u00e7\u00e3o, atrav\u00e9s da busca de Deus perpassado pela <em>\u201cgrande tribula\u00e7\u00e3o\u201d<\/em>. Ora, aqueles que buscam a SANTIDADE, n\u00e3o est\u00e3o isentos de vivenciar a persegui\u00e7\u00e3o e as prova\u00e7\u00f5es. Por\u00e9m, os que buscam esta SANTIDADE, sabe onde encontrar a for\u00e7a no <em>\u201csangue do Cordeiro\u201d. <\/em>Afinal, <em>&#8220;a salva\u00e7\u00e3o pertence ao nosso Deus, que est\u00e1 sentado no trono, e ao Cordeiro&#8221; (cf. Ap 7,10b).<\/em><\/p>\n<p style=\"text-align: justify;\">A Segunda Leitura, retirada da Primeira Carta de S\u00e3o Jo\u00e3o (1Jo 3,1-3), demonstra que atrav\u00e9s da filia\u00e7\u00e3o adotiva que temos com Deus, somos capacitados \u00e0 gl\u00f3ria dos C\u00e9us. Afinal, atrav\u00e9s desta filia\u00e7\u00e3o de uma coparticipa\u00e7\u00e3o da natureza divina, em que, \u201c<em>quando Jesus se manifestar, seremos semelhantes a ele, porque o veremos tal como ele \u00e9. Todo o que espera nele, purifica-se a si mesmo, como tamb\u00e9m ele \u00e9 puro\u201d(cf 1Jo 3,2b-3).<\/em><\/p>\n<p style=\"text-align: justify;\">O Evangelho, extra\u00eddo de Mateus (Mt 5,1-12a), traz o serm\u00e3o das <em>Bem-aventuran\u00e7as, <\/em>em que o Cristo demonstra um c\u00f3digo de felicidade profunda, incompar\u00e1vel e interior. E estas, pertencem aos pobres e deserdados, em que se souberem p\u00f4r sua confian\u00e7a no Senhor, <em>\u201cver\u00e3o a Deus\u201d<\/em> e <em>\u201cser\u00e3o chamados filhos de Deus\u201d.<\/em><\/p>\n<p style=\"text-align: justify;\">Em sua Exorta\u00e7\u00e3o <em>GAUDETE ET EXSULTATE, <\/em>o Papa Francisco nos d\u00e1 uma grande chave para seguirmos o caminho da Santidade:<em> \u201cDeixemo-nos estimular pelos sinais de santidade que o Senhor nos apresenta atrav\u00e9s dos membros mais humildes deste povo que \u00abparticipam tamb\u00e9m da fun\u00e7\u00e3o prof\u00e9tica de Cristo, difundindo o seu testemunho vivo, sobretudo pela vida de f\u00e9 e de caridade\u00bb.[5] Como nos sugere Santa Teresa Benedita da Cruz, pensemos que \u00e9 atrav\u00e9s de muitos deles que se constr\u00f3i a verdadeira hist\u00f3ria: \u00abNa noite mais escura, surgem os maiores profetas e os santos. Todavia a corrente vivificante da vida m\u00edstica permanece invis\u00edvel. Certamente, os eventos decisivos da hist\u00f3ria do mundo foram essencialmente influenciados por almas sobre as quais nada se diz nos livros de hist\u00f3ria. E saber quais sejam as almas a quem devemos agradecer os acontecimentos decisivos da nossa vida pessoal, \u00e9 algo que s\u00f3 conheceremos no dia em que tudo o est\u00e1 oculto for revelado\u00bb.\u201d (GAUDETE ET EXSULTATE \u2013 Papa Francisco;<\/em> <em>http:\/\/www.vatican.va\/content\/francesco\/pt\/apost_exhortations\/documents\/papa-francesco_esortazione-ap_20180319_gaudete-et-exsultate.html#Os_santos_ao_p%C3%A9_da_porta &#8211; acesso em 27 de out de 2020).<\/em><\/p>\n<p style=\"text-align: justify;\">Que possamos nos fortificar em vivenciar as <em>Bem-aventuran\u00e7as <\/em>em nosso dia-a-dia; na viv\u00eancia e na busca de uma sociedade melhor a todos; pela busca e sede de justi\u00e7a; nos atos misericordiosos; na promo\u00e7\u00e3o da paz (&#8230;), \u201c<em>porque ser\u00e1 grande a vossa recompensa nos c\u00e9us\u201d<\/em> (cf. Mt 5,12a)<em>.<\/em><\/p>\n<p style=\"text-align: justify;\"><em>\u201cA Santidade n\u00e3o \u00e9 o fruto do esfor\u00e7o humano, que procura alcan\u00e7ar a Deus com suas for\u00e7as, e at\u00e9 com hero\u00edsmo; ela \u00e9 dom do amor de Deus e resposta do homem \u00e0 iniciativa divina\u201d (cf. Missal Dominical \u2013 Missal da Assembleia Crist\u00e3)<\/em><\/p>\n<p style=\"text-align: justify;\"><em>Sauda\u00e7\u00f5es em Cristo!<\/em><\/p>\n<p>&nbsp;<\/p>\n","protected":false},"excerpt":{"rendered":"<p>Dom Eurico dos Santos Veloso Arcebispo Em\u00e9rito de Juiz de Fora (MG) \u201cEsses s\u00e3o os que vieram da grande tribula\u00e7\u00e3o. Lavaram e alvejaram as suas roupas no sangue do Cordeiro.\u201d (Ap 7,14) Celebramos na Liturgia de hoje a Solenidade de Todos os Santos. Numa s\u00f3 festa, recordamos os m\u00e9ritos de Todos os Santos, daqueles que &hellip;<\/p>\n<p class=\"read-more\"> <a class=\"\" href=\"https:\/\/www.cnbb.org.br\/solenidade-de-todos-os-santos-3\/\"> <span class=\"screen-reader-text\">Solenidade de todos os santos<\/span> Leia mais &raquo;<\/a><\/p>\n","protected":false},"author":73,"featured_media":0,"comment_status":"open","ping_status":"open","sticky":false,"template":"","format":"standard","meta":{"site-sidebar-layout":"default","site-content-layout":"default","ast-global-header-display":"","ast-banner-title-visibility":"","ast-main-header-display":"","ast-hfb-above-header-display":"","ast-hfb-below-header-display":"","ast-hfb-mobile-header-display":"","site-post-title":"","ast-breadcrumbs-content":"","ast-featured-img":"","footer-sml-layout":"","theme-transparent-header-meta":"default","adv-header-id-meta":"","stick-header-meta":"","header-above-stick-meta":"","header-main-stick-meta":"","header-below-stick-meta":""},"categories":[758],"tags":[],"acf":[],"_links":{"self":[{"href":"https:\/\/www.cnbb.org.br\/cnbb-app\/wp\/v2\/posts\/254547"}],"collection":[{"href":"https:\/\/www.cnbb.org.br\/cnbb-app\/wp\/v2\/posts"}],"about":[{"href":"https:\/\/www.cnbb.org.br\/cnbb-app\/wp\/v2\/types\/post"}],"author":[{"embeddable":true,"href":"https:\/\/www.cnbb.org.br\/cnbb-app\/wp\/v2\/users\/73"}],"replies":[{"embeddable":true,"href":"https:\/\/www.cnbb.org.br\/cnbb-app\/wp\/v2\/comments?post=254547"}],"version-history":[{"count":0,"href":"https:\/\/www.cnbb.org.br\/cnbb-app\/wp\/v2\/posts\/254547\/revisions"}],"wp:attachment":[{"href":"https:\/\/www.cnbb.org.br\/cnbb-app\/wp\/v2\/media?parent=254547"}],"wp:term":[{"taxonomy":"category","embeddable":true,"href":"https:\/\/www.cnbb.org.br\/cnbb-app\/wp\/v2\/categories?post=254547"},{"taxonomy":"post_tag","embeddable":true,"href":"https:\/\/www.cnbb.org.br\/cnbb-app\/wp\/v2\/tags?post=254547"}],"curies":[{"name":"wp","href":"https:\/\/api.w.org\/{rel}","templated":true}]}}