{"id":25455,"date":"2016-04-09T00:00:00","date_gmt":"2016-04-09T03:00:00","guid":{"rendered":"https:\/\/www.cnbb.org.br\/bispos-compartilham-preparativos-sobre-o-14-intereclesial-das-cebs-2\/"},"modified":"2016-04-09T00:00:00","modified_gmt":"2016-04-09T03:00:00","slug":"bispos-compartilham-preparativos-sobre-o-14-intereclesial-das-cebs-2","status":"publish","type":"post","link":"https:\/\/www.cnbb.org.br\/bispos-compartilham-preparativos-sobre-o-14-intereclesial-das-cebs-2\/","title":{"rendered":"Bispos compartilham preparativos sobre o 14\u00ba Intereclesial das CEBs"},"content":{"rendered":"<p><span style=\"font-size: 11.8181819915771px;line-height: 15.8079996109009px\">&#8220;Londrina inclina-se a todos os que l\u00e1 vierem\u201d, disse dom Orlando Brandes<\/span><\/p>\n<p><!--more--><\/p>\n<p style=\"text-align: justify\">\u201cCEBs e os desafios do mundo urbano\u201d. Este ser\u00e1 o tema do 14\u00ba Intereclesial das Comunidades Eclesiais de Base (CEBs), que ocorrer\u00e1 em Londrina (PR), de 23 a 28 de janeiro de 2018.<\/p>\n<p style=\"text-align: justify\">O bispo referencial para as CEBs, dom Giovane Pereira de Melo, e o arcebispo anfitri\u00e3o do encontro, dom Orlando Brandes, compartilharam, com o episcopado reunido em Aparecida (SP), os encaminhamentos e percep\u00e7\u00f5es sobre evento.<\/p>\n<p style=\"text-align: justify\">Segundo dom Giovane, s\u00e3o esperados para o 14\u00ba Intereclesial cerca de 3 mil delegados do Brasil, Am\u00e9rica Latina e Europa.<\/p>\n<p style=\"text-align: justify\">Conforme o bispo referencial, para preparar o evento j\u00e1 foram realizadas tr\u00eas reuni\u00f5es ampliadas. \u201cA primeira em janeiro de 2015, quando pudemos conhecer a realidade do norte paranaense. Na segunda reuni\u00e3o, foi poss\u00edvel escolher o tema e o lema. Neste ano, firmamos o n\u00famero de delegados e aprofundamos o tema do Intereclesial e as ideias que v\u00e3o compor o texto-base\u201d, descreveu.<\/p>\n<p style=\"text-align: justify\">O 14\u00ba Intereclesial tem o lema retirado do livro do \u00caxodo, \u201cEu vi e ouvi os clamores do meu povo e desci para libert\u00e1-los\u201d.<\/p>\n<p style=\"text-align: justify\">Para dom Orlando Brandes, a realiza\u00e7\u00e3o do Intereclesial ajudar\u00e1 a sedimentar a experi\u00eancia das comunidades no Paran\u00e1 . \u201cAs CEBs podem nos auxiliar na dimens\u00e3o prof\u00e9tica e social, que precisamos muito no Paran\u00e1, na dimens\u00e3o da f\u00e9 e do Evangelho\u201d, disse.<\/p>\n<p style=\"text-align: justify\">Dom Orlando enfatizou ainda que \u201co amor, o profetismo, a dimens\u00e3o social do Evangelho permanecem nas CEBs\u201d. Lembrou que Londrina tem uma \u201crealidade de agroneg\u00f3cio muito grande\u201d e que \u00e9 \u201cuma ilha rodeada de soja com muito \u00eaxodo rural\u201d. O arcebispo tamb\u00e9m apontou problemas urbanos e da terra presentes na regi\u00e3o.<\/p>\n<p style=\"text-align: justify\">Ao final da exposi\u00e7\u00e3o, convidou os bispos para participarem do evento. \u201cTodos somos convidados. Ser\u00e1 um grande testemunho de comunidade e amor trinit\u00e1rio. Para mim, as CEBs s\u00e3o reflex\u00e3o da Sant\u00edssima Trindade. Londrina inclina-se a todos os que l\u00e1 vierem\u201d, disse.<\/p>\n<p style=\"text-align: justify\">\u00a0Foto: arquidiocese de Londrina<\/p>\n","protected":false},"excerpt":{"rendered":"<p>&#8220;Londrina inclina-se a todos os que l\u00e1 vierem\u201d, disse dom Orlando Brandes<\/p>\n","protected":false},"author":83,"featured_media":25456,"comment_status":"open","ping_status":"open","sticky":false,"template":"","format":"standard","meta":{"site-sidebar-layout":"default","site-content-layout":"default","ast-global-header-display":"","ast-banner-title-visibility":"","ast-main-header-display":"","ast-hfb-above-header-display":"","ast-hfb-below-header-display":"","ast-hfb-mobile-header-display":"","site-post-title":"","ast-breadcrumbs-content":"","ast-featured-img":"","footer-sml-layout":"","theme-transparent-header-meta":"","adv-header-id-meta":"","stick-header-meta":"","header-above-stick-meta":"","header-main-stick-meta":"","header-below-stick-meta":""},"categories":[769,772],"tags":[],"acf":[],"_links":{"self":[{"href":"https:\/\/www.cnbb.org.br\/cnbb-app\/wp\/v2\/posts\/25455"}],"collection":[{"href":"https:\/\/www.cnbb.org.br\/cnbb-app\/wp\/v2\/posts"}],"about":[{"href":"https:\/\/www.cnbb.org.br\/cnbb-app\/wp\/v2\/types\/post"}],"author":[{"embeddable":true,"href":"https:\/\/www.cnbb.org.br\/cnbb-app\/wp\/v2\/users\/83"}],"replies":[{"embeddable":true,"href":"https:\/\/www.cnbb.org.br\/cnbb-app\/wp\/v2\/comments?post=25455"}],"version-history":[{"count":0,"href":"https:\/\/www.cnbb.org.br\/cnbb-app\/wp\/v2\/posts\/25455\/revisions"}],"wp:featuredmedia":[{"embeddable":true,"href":"https:\/\/www.cnbb.org.br\/cnbb-app\/wp\/v2\/media\/25456"}],"wp:attachment":[{"href":"https:\/\/www.cnbb.org.br\/cnbb-app\/wp\/v2\/media?parent=25455"}],"wp:term":[{"taxonomy":"category","embeddable":true,"href":"https:\/\/www.cnbb.org.br\/cnbb-app\/wp\/v2\/categories?post=25455"},{"taxonomy":"post_tag","embeddable":true,"href":"https:\/\/www.cnbb.org.br\/cnbb-app\/wp\/v2\/tags?post=25455"}],"curies":[{"name":"wp","href":"https:\/\/api.w.org\/{rel}","templated":true}]}}