{"id":254682,"date":"2020-10-30T10:58:32","date_gmt":"2020-10-30T13:58:32","guid":{"rendered":"https:\/\/www.cnbb.org.br\/?p=254682"},"modified":"2020-10-30T11:00:50","modified_gmt":"2020-10-30T14:00:50","slug":"comemoracao-de-todos-os-fieis-defuntos-solenidade","status":"publish","type":"post","link":"https:\/\/www.cnbb.org.br\/comemoracao-de-todos-os-fieis-defuntos-solenidade\/","title":{"rendered":"Comemora\u00e7\u00e3o de todos os fi\u00e9is defuntos"},"content":{"rendered":"<p style=\"text-align: right;\"><strong>Dom Eurico dos Santos Veloso<\/strong><br \/>\n<strong>Arcebispo Em\u00e9rito de Juiz de Fora (MG)<\/strong><\/p>\n<p style=\"text-align: justify;\"><strong>\u00a0<\/strong><\/p>\n<p style=\"text-align: justify;\"><em>\u201cEu mesmo O verei, meus olhos O contemplar\u00e3o, e n\u00e3o os olhos de outros.\u201d (J\u00f3 19,27)<\/em><em>\u00a0\u00a0\u00a0\u00a0 <\/em><\/p>\n<p style=\"text-align: justify;\">Celebramos na Liturgia de hoje, a Comemora\u00e7\u00e3o de Todos os Fi\u00e9is Defuntos. Tal celebra\u00e7\u00e3o nos coloca diante do mist\u00e9rio da morte, onde a Igreja nos convida a rezar e a oferecer ora\u00e7\u00f5es aos fi\u00e9is defuntos do Purgat\u00f3rio. Mas, tamb\u00e9m, \u00e9 uma reflex\u00e3o das tr\u00eas dimens\u00f5es que vivenciamos: <em>\u201cMem\u00f3ria que vemos \u00e0 nossa frente <\/em>[os irm\u00e3os falecidos]<em>, a esperan\u00e7a que celebramos agora na f\u00e9, e as luzes para nos guiar no caminho que s\u00e3o as Bem-aventuran\u00e7as<\/em>[Evangelho da Solenidade de Todos os Santos]<em>.\u201d (Papa Francisco \u2013 2018).<\/em><\/p>\n<p style=\"text-align: justify;\">A morte \u00e9 um mist\u00e9rio profundo ao homem, afinal todos n\u00f3s somos iguais perante a morte, \u00e9 um futuro certo que todos ir\u00e3o passar, alguns experimentar\u00e3o ap\u00f3s uma long\u00ednqua vida, outros de maneira precoce. Todos estamos fadados, por\u00e9m para o crist\u00e3o a morte n\u00e3o \u00e9 o fim, o ponto final, mas sim <em>\u201ca morte do crist\u00e3o segue as pegadas da morte de Cristo: um c\u00e1lice amargo, porque fruto do pecado, a beber at\u00e9 o fim, porque \u00e9 a vontade do Pai, que nos espera de bra\u00e7os abertos do outro lado do limiar; morte que \u00e9 uma vit\u00f3ria com apar\u00eancia de derrota; morte que \u00e9 essencialmente n\u00e3o-morte: vida, gl\u00f3ria e ressurrei\u00e7\u00e3o\u201d (cf. Missal Dominical \u2013 Missal da Assembleia Crist\u00e3).<\/em><\/p>\n<p style=\"text-align: justify;\">E \u00e9 atrav\u00e9s da f\u00e9 que confiamos que o \u201cdoce, c\u00e1lido beijo da morte\u201d \u00e9 que nos permitir\u00e1 em testemunhar as palavras de J\u00f3: <em>\u201cEu sei que o meu redentor est\u00e1 vivo e que, por \u00faltimo, se levantar\u00e1 sobre o p\u00f3; e depois que tiverem destru\u00eddo esta minha pele, na minha carne, verei a Deus. Eu mesmo o verei, meus olhos o contemplar\u00e3o, e n\u00e3o os olhos de outros\u201d (cf. J\u00f3 19,25-27).<\/em> Ora, a nossa alma suspira este encontro definitivo \u00e0 contempla\u00e7\u00e3o da face de Deus, tendo fim a todas as tristezas, saciada todas as sedes e as l\u00e1grimas ser\u00e3o todas enxugadas, afinal, \u00a0\u201c<em>felicidade e todo bem h\u00e3o de seguir-me, por toda a minha vida; e, na casa do Senhor, habitarei pelos tempos infinitos\u201d (cf. Sl 22(23),6).<\/em><\/p>\n<p style=\"text-align: justify;\">Ter f\u00e9 e acreditar em tudo isto, ap\u00f3s todas as tribula\u00e7\u00f5es, se resume a um homem que nos mostrou o caminho e confiar em Deus: Jesus Cristo. Sua Paix\u00e3o, Morte e Ressurrei\u00e7\u00e3o se resume a um plano maior de salva\u00e7\u00e3o a todos \u00e0queles que aspiram para o encontro do amor pleno e na alegria infinita. \u201c<em>Na realidade, Cristo ressuscitou dos mortos como prim\u00edcias dos que morreram. Com efeito, por um homem veio a morte e \u00e9 tamb\u00e9m por um homem que vem a ressurrei\u00e7\u00e3o dos mortos. Como em Ad\u00e3o todos morrem, assim tamb\u00e9m em Cristo todos reviver\u00e3o\u201d (cf. 1Cor 15,20-22) [&#8230;] <\/em>tudo isto, <em>\u201cpara que Deus seja tudo em todos\u201d (cf. 1Cor 15,28c).<\/em><\/p>\n<p style=\"text-align: justify;\">E tudo isto ir\u00e1 se cumprir. Contudo, n\u00e3o sabemos o momento exato em que iremos partir desta vida, por isto, Cristo nos exorta em estarmos preparados, <em>\u201cporque o Filho do Homem vai chegar na hora em que menos o esperardes&#8221; (cf. Lc 12,40b). \u201cA morte vos espera em toda \u00e0 parte; se fordes prudentes, esperai v\u00f3s por ela em todo o lugar\u201d (S\u00e3o Bernardo). <\/em><\/p>\n<p style=\"text-align: justify;\">Celebrar a Comemora\u00e7\u00e3o de Todos os Fi\u00e9is Defuntos, \u00e9 vivenciar esta dualidade: rezar e orar por aqueles que j\u00e1 partiram desta vida e est\u00e3o em estado de Purgat\u00f3rio, a fim de purificar-se completamente para o encontro definitivo com Deus; e n\u00f3s que estamos neste mundo para que, atrav\u00e9s do testemunho do nosso Batismo, vivenciemos todos os dias de nossa vida a aspira\u00e7\u00e3o da plenitude da alegria eterna!<\/p>\n<p style=\"text-align: justify;\"><em>Sauda\u00e7\u00f5es em Cristo!<\/em><\/p>\n<p><em>\u00a0<\/em><\/p>\n<p>&nbsp;<\/p>\n","protected":false},"excerpt":{"rendered":"<p>Dom Eurico dos Santos Veloso Arcebispo Em\u00e9rito de Juiz de Fora (MG) \u00a0 \u201cEu mesmo O verei, meus olhos O contemplar\u00e3o, e n\u00e3o os olhos de outros.\u201d (J\u00f3 19,27)\u00a0\u00a0\u00a0\u00a0 Celebramos na Liturgia de hoje, a Comemora\u00e7\u00e3o de Todos os Fi\u00e9is Defuntos. Tal celebra\u00e7\u00e3o nos coloca diante do mist\u00e9rio da morte, onde a Igreja nos convida &hellip;<\/p>\n<p class=\"read-more\"> <a class=\"\" href=\"https:\/\/www.cnbb.org.br\/comemoracao-de-todos-os-fieis-defuntos-solenidade\/\"> <span class=\"screen-reader-text\">Comemora\u00e7\u00e3o de todos os fi\u00e9is defuntos<\/span> Leia mais &raquo;<\/a><\/p>\n","protected":false},"author":73,"featured_media":0,"comment_status":"open","ping_status":"open","sticky":false,"template":"","format":"standard","meta":{"site-sidebar-layout":"default","site-content-layout":"default","ast-global-header-display":"","ast-banner-title-visibility":"","ast-main-header-display":"","ast-hfb-above-header-display":"","ast-hfb-below-header-display":"","ast-hfb-mobile-header-display":"","site-post-title":"","ast-breadcrumbs-content":"","ast-featured-img":"","footer-sml-layout":"","theme-transparent-header-meta":"default","adv-header-id-meta":"","stick-header-meta":"","header-above-stick-meta":"","header-main-stick-meta":"","header-below-stick-meta":""},"categories":[758],"tags":[],"acf":[],"_links":{"self":[{"href":"https:\/\/www.cnbb.org.br\/cnbb-app\/wp\/v2\/posts\/254682"}],"collection":[{"href":"https:\/\/www.cnbb.org.br\/cnbb-app\/wp\/v2\/posts"}],"about":[{"href":"https:\/\/www.cnbb.org.br\/cnbb-app\/wp\/v2\/types\/post"}],"author":[{"embeddable":true,"href":"https:\/\/www.cnbb.org.br\/cnbb-app\/wp\/v2\/users\/73"}],"replies":[{"embeddable":true,"href":"https:\/\/www.cnbb.org.br\/cnbb-app\/wp\/v2\/comments?post=254682"}],"version-history":[{"count":0,"href":"https:\/\/www.cnbb.org.br\/cnbb-app\/wp\/v2\/posts\/254682\/revisions"}],"wp:attachment":[{"href":"https:\/\/www.cnbb.org.br\/cnbb-app\/wp\/v2\/media?parent=254682"}],"wp:term":[{"taxonomy":"category","embeddable":true,"href":"https:\/\/www.cnbb.org.br\/cnbb-app\/wp\/v2\/categories?post=254682"},{"taxonomy":"post_tag","embeddable":true,"href":"https:\/\/www.cnbb.org.br\/cnbb-app\/wp\/v2\/tags?post=254682"}],"curies":[{"name":"wp","href":"https:\/\/api.w.org\/{rel}","templated":true}]}}