{"id":25476,"date":"2016-06-10T00:00:00","date_gmt":"2016-06-10T03:00:00","guid":{"rendered":"https:\/\/www.cnbb.org.br\/episcopado-paulista-realiza-79-assembleia\/"},"modified":"2016-06-10T00:00:00","modified_gmt":"2016-06-10T03:00:00","slug":"episcopado-paulista-realiza-79-assembleia","status":"publish","type":"post","link":"https:\/\/www.cnbb.org.br\/episcopado-paulista-realiza-79-assembleia\/","title":{"rendered":"Bispos do Sul 1 assumem compromisso mission\u00e1rio com a diocese de Pemba"},"content":{"rendered":"<p style=\"text-align: justify\">Assembleia ocorreu\u00a0de 7 a 9 de junho, em Aparecida<\/p>\n<p><!--more--><\/p>\n<p style=\"font-size: 12.16px;line-height: 15.808px\">\n<p style=\"text-align: justify\">A coopera\u00e7\u00e3o mission\u00e1ria com a diocese de Pemba, em Mo\u00e7ambique, na \u00c1frica, est\u00e1 entre os compromissos assumidos pelos bispos do regional Sul 1 da Confer\u00eancia Nacional dos Bispos do Brasil (CNBB), durante a 79\u00aa Assembleia ocorrida de 7 a 9 de junho, em Aparecida (SP).<\/p>\n<p style=\"text-align: justify\">De acordo com o presidente da Comiss\u00e3o para a A\u00e7\u00e3o Mission\u00e1ria e Coopera\u00e7\u00e3o Intereclesial do regional, dom Jos\u00e9 Luiz Bertanha, na ocasi\u00e3o, os bispos acolheram a proposta da miss\u00e3o na diocese africana. \u201cIremos estruturar o projeto a fim de enviar pessoas preparadas para a evangeliza\u00e7\u00e3o e o trabalho pastoral, sejam sacerdotes, religiosas e leigos, como catequistas e casais que queiram contribuir com a miss\u00e3o\u201d, explicou.<\/p>\n<p style=\"text-align: justify\">A Assembleia do Sul 1 reuniu cerca de 140 pessoas entre arcebispos, bispos, padres, coordenadores diocesanos de pastoral, subsecret\u00e1rios das sub-regi\u00f5es pastorais e representantes dos organismos vinculados ao regional Sul 1 da CNBB.<\/p>\n<p style=\"text-align: justify\">Conduzida pelo arcebispo de Campinas e presidente do regional Sul 1, dom Airton Jos\u00e9 dos Santos; o bispo de Mogi das Cruzes e vice-presidente do regional, dom Pedro Luis Stringhini; e o bispo auxiliar de S\u00e3o Paulo e secret\u00e1rio do regional, dom J\u00falio Endi Akamine, a Assembleia se desenvolveu \u00e0 luz do tema central &#8220;A\u00a0Exorta\u00e7\u00e3o Apost\u00f3lica Amoris Laetitia no contexto da Miseric\u00f3rdia e da Miss\u00e3o&#8221;.<\/p>\n<p style=\"text-align: justify\">Os arcebispos de S\u00e3o Paulo, cardeal Odilo Scherer, e de Aparecida, cardeal Raymundo Damasceno apresentaram os principais aspectos do texto do papa Francisco. A partir das exposi\u00e7\u00f5es, os participantes sugeriram temas para a Assembleia das Igrejas, que acontecer\u00e1 em outubro, em Itaici, Indaiatuba (SP).<\/p>\n<p style=\"text-align: justify\">Com informa\u00e7\u00f5es e foto do regional Sul 1<\/p>\n","protected":false},"excerpt":{"rendered":"<p>Assembleia ocorreu\u00a0de 7 a 9 de junho, em Aparecida<\/p>\n","protected":false},"author":83,"featured_media":25477,"comment_status":"open","ping_status":"open","sticky":false,"template":"","format":"standard","meta":{"site-sidebar-layout":"default","site-content-layout":"default","ast-global-header-display":"","ast-banner-title-visibility":"","ast-main-header-display":"","ast-hfb-above-header-display":"","ast-hfb-below-header-display":"","ast-hfb-mobile-header-display":"","site-post-title":"","ast-breadcrumbs-content":"","ast-featured-img":"","footer-sml-layout":"","theme-transparent-header-meta":"","adv-header-id-meta":"","stick-header-meta":"","header-above-stick-meta":"","header-main-stick-meta":"","header-below-stick-meta":""},"categories":[769,772],"tags":[],"acf":[],"_links":{"self":[{"href":"https:\/\/www.cnbb.org.br\/cnbb-app\/wp\/v2\/posts\/25476"}],"collection":[{"href":"https:\/\/www.cnbb.org.br\/cnbb-app\/wp\/v2\/posts"}],"about":[{"href":"https:\/\/www.cnbb.org.br\/cnbb-app\/wp\/v2\/types\/post"}],"author":[{"embeddable":true,"href":"https:\/\/www.cnbb.org.br\/cnbb-app\/wp\/v2\/users\/83"}],"replies":[{"embeddable":true,"href":"https:\/\/www.cnbb.org.br\/cnbb-app\/wp\/v2\/comments?post=25476"}],"version-history":[{"count":0,"href":"https:\/\/www.cnbb.org.br\/cnbb-app\/wp\/v2\/posts\/25476\/revisions"}],"wp:featuredmedia":[{"embeddable":true,"href":"https:\/\/www.cnbb.org.br\/cnbb-app\/wp\/v2\/media\/25477"}],"wp:attachment":[{"href":"https:\/\/www.cnbb.org.br\/cnbb-app\/wp\/v2\/media?parent=25476"}],"wp:term":[{"taxonomy":"category","embeddable":true,"href":"https:\/\/www.cnbb.org.br\/cnbb-app\/wp\/v2\/categories?post=25476"},{"taxonomy":"post_tag","embeddable":true,"href":"https:\/\/www.cnbb.org.br\/cnbb-app\/wp\/v2\/tags?post=25476"}],"curies":[{"name":"wp","href":"https:\/\/api.w.org\/{rel}","templated":true}]}}