{"id":255130,"date":"2020-11-11T12:21:49","date_gmt":"2020-11-11T15:21:49","guid":{"rendered":"https:\/\/www.cnbb.org.br\/?p=255130"},"modified":"2020-11-11T12:26:32","modified_gmt":"2020-11-11T15:26:32","slug":"areas-missionarias-passos-desafios-e-compromissos-iii-parte","status":"publish","type":"post","link":"https:\/\/www.cnbb.org.br\/areas-missionarias-passos-desafios-e-compromissos-iii-parte\/","title":{"rendered":"\u00c1reas mission\u00e1rias: passos, desafios e compromissos (III parte)"},"content":{"rendered":"<p style=\"text-align: right;\"><span style=\"color: #333333;\"><b>Dom Antonio de Assis Ribeiro<\/b><\/span><br \/>\n<span style=\"color: #333333;\"><b>Bispo Auxiliar da Arquidiocese de Bel\u00e9m do Par\u00e1<\/b><\/span><\/p>\n<p style=\"text-align: justify;\"><strong>Introdu\u00e7\u00e3o:<\/strong><\/p>\n<p style=\"text-align: justify;\">Nossa reflex\u00e3o sobre as \u00c1reas Mission\u00e1rias desta edi\u00e7\u00e3o nos leva a falar sobre os passos que s\u00e3o efetivados para a cria\u00e7\u00e3o e o desenvolvimento das mesmas. Trata-se de um processo! A evangeliza\u00e7\u00e3o pressup\u00f5e um caminho! Nada na evangeliza\u00e7\u00e3o \u00e9 autom\u00e1tico e imediato!<\/p>\n<p style=\"text-align: justify;\">Esse caminho n\u00e3o \u00e9 gratuito; exige de todos os l\u00edderes uma profunda intimidade com a pessoa de Jesus Cristo, Amor \u00e0 Igreja e paix\u00e3o pelo Reino de Deus. Esses tr\u00eas amores s\u00e3o insepar\u00e1veis. A evangeliza\u00e7\u00e3o \u00e9 consequ\u00eancia do amor a Deus que quer a Salva\u00e7\u00e3o de todos.<\/p>\n<p style=\"text-align: justify;\">\u00c9 lament\u00e1vel constatarmos que, muitas pessoas, gostam de falar do seu amor a Jesus (da sua miseric\u00f3rdia, por exemplo), contudo, nem sempre nutrem o mesmo amor pelos irm\u00e3os, nem pela Igreja e muito menos lutam pela promo\u00e7\u00e3o do Reino de Deus. Isso \u00e9 um grav\u00edssimo engano.<\/p>\n<p style=\"text-align: justify;\">N\u00e3o \u00e9 aceit\u00e1vel um Amor a Cristo sem aquele aos irm\u00e3os, sem \u00e0 Igreja, sem paix\u00e3o pelo Reino de Deus que pressup\u00f5e a transforma\u00e7\u00e3o dos males do mundo. Desse fato podemos imaginar o necess\u00e1rio enfrentamento de muitos desafios.<\/p>\n<ol style=\"text-align: justify;\">\n<li><strong>Passos a serem dados<\/strong><\/li>\n<\/ol>\n<p style=\"text-align: justify;\">No artigo anterior falamos sobre a import\u00e2ncia do cultivo de determinadas atitudes saud\u00e1veis no desenvolvimento do servi\u00e7o mission\u00e1rio. Pois, vejamos alguns compromissos consequentes dessas atitudes.<\/p>\n<p style=\"text-align: justify;\">O primeiro compromisso para a cria\u00e7\u00e3o de uma \u00c1rea mission\u00e1ria \u00e9 o reconhecimento de que um determinado espa\u00e7o demogr\u00e1fico precisa de uma especial aten\u00e7\u00e3o pastoral a ser mapeada, demarcada e definida em suas fronteiras. Isso depende da sensibilidade mission\u00e1ria de cada par\u00f3quia tendo o seu p\u00e1roco um pastor que conhece os desafios pastorais do territ\u00f3rio de abrang\u00eancia da sua miss\u00e3o.<\/p>\n<p style=\"text-align: justify;\">Ap\u00f3s o reconhecimento das \u00e1reas com \u201cvazio pastoral\u201d (sem presen\u00e7a vis\u00edvel da Igreja Cat\u00f3lica, sem comunidade organizada, sem capela, sem a\u00e7\u00e3o pastoral \u00e9 necess\u00e1rio que essa \u00e1rea seja mapeada, e projetada a funda\u00e7\u00e3o de novas Comunidades. Uma vez identificadas as \u00e1reas das futuras comunidades \u00e9 necess\u00e1rio que seja elaborado um plano de a\u00e7\u00e3o com <strong>m\u00faltiplas atividades pastorais,<\/strong> como por exemplo: visitas domiciliares, reza do ter\u00e7o, celebra\u00e7\u00e3o da Palavra, novenas, celebra\u00e7\u00f5es eucar\u00edsticas (nas ruas ou resid\u00eancias), prociss\u00f5es&#8230;\u00a0 Tais atividades desperta a popula\u00e7\u00e3o para a percep\u00e7\u00e3o da presen\u00e7a da Igreja Cat\u00f3lica no territ\u00f3rio.<\/p>\n<p style=\"text-align: justify;\">Esse servi\u00e7o n\u00e3o pode ser espor\u00e1dico, mas permanente. Por isso \u00e9 necess\u00e1rio que para cada canto da \u00e1rea mission\u00e1ria seja definida uma equipe de atua\u00e7\u00e3o permanente. Eles ser\u00e3o os mission\u00e1rios desbravadores daquele contexto <strong>criando v\u00ednculos <\/strong>com a comunidade, formando lideran\u00e7as e estando atentos \u00e0s oportunidades, sendo uma das principais dessas, a <strong>aquisi\u00e7\u00e3o de um terreno<\/strong> para ser a sede (ou capela) da comunidade.<\/p>\n<p style=\"text-align: justify;\">O resto \u00e9 cuidado! Os mission\u00e1rios preparam a terra do cora\u00e7\u00e3o das pessoas, semeiam a Palavra, regam as mentes, estimulam a fraternidade, mas \u00e9 o Esp\u00edrito de Deus que far\u00e1 com que a semente da Palavra germine, cres\u00e7a e d\u00ea bons frutos (cf. 1Cor 3,5-9).<\/p>\n<p style=\"text-align: justify;\">Especial aten\u00e7\u00e3o deve ser dado \u00e0 <strong>forma\u00e7\u00e3o de l\u00edderes.<\/strong> Sem a forma\u00e7\u00e3o de l\u00edderes o futuro fica comprometido. \u00c9 preciso que os mission\u00e1rios sejam desapegados&#8230; N\u00e3o basta contar com a boa vontade dos volunt\u00e1rios para assumirem responsabilidades; \u00e9 preciso que se fa\u00e7a todo esfor\u00e7o poss\u00edvel para que as pessoas da pr\u00f3pria comunidade sejam capacitadas para que possam assumir a lideran\u00e7a da nova comunidade.<\/p>\n<ol style=\"text-align: justify;\" start=\"2\">\n<li><strong>Desafios a serem superados<\/strong><\/li>\n<\/ol>\n<p style=\"text-align: justify;\">Diante da urg\u00eancia da evangeliza\u00e7\u00e3o a Igreja \u00e9 chamada a ressignificar todas as suas estruturas pastorais; mas isso pressup\u00f5e uma exigente convers\u00e3o pastoral de todos os sujeitos eclesiais.<\/p>\n<p style=\"text-align: justify;\">O elenco dos desafios que listaremos a seguir, est\u00e3o presentes em diversos documentos pastorais da Igreja dos \u00faltimos anos como, por exemplo, o documento de Aparecida (2007), a Exorta\u00e7\u00e3o Apost\u00f3lica Evangelii Gaudium (Alegria do Evangelho, do Papa Francisco), \u00a0a Exorta\u00e7\u00e3o Apost\u00f3lica Amoris Letitiae (Alegria do Amor, do Papa Francisco), Exorta\u00e7\u00e3o Apost\u00f3lica Querida Amaz\u00f4nia e Instru\u00e7\u00e3o \u201cConvers\u00e3o pastoral da comunidade paroquial a servi\u00e7o da miss\u00e3o evangelizadora da Igreja\u201d (ano 2020), da Congrega\u00e7\u00e3o para o Clero.<\/p>\n<ul style=\"text-align: justify;\">\n<li>A paix\u00e3o mission\u00e1ria depende do amor a Jesus Cristo e da Alegria do Servi\u00e7o pelo Reino de Deus; urge a supera\u00e7\u00e3o da ignor\u00e2ncia sobre Jesus Cristo;<\/li>\n<li>Apesar de muitos servi\u00e7os pastorais, ainda se sente a falta da cultura mission\u00e1ria em nossas comunidades; ela vai al\u00e9m de um simples servi\u00e7o institucional;<\/li>\n<li>\u00c9 necess\u00e1rio superar a tenta\u00e7\u00e3o do devocionalismo e do sacramentalismo;<\/li>\n<li>Ainda \u00e9 muito forte no clero e nas lideran\u00e7as em geral uma vis\u00e3o territorialista da par\u00f3quia, e por isso, muitos n\u00e3o aplaudem o redimensionamento das mesmas; \u00e9 necess\u00e1rio considerar o dinamismo demogr\u00e1fico de cada \u00e1rea geogr\u00e1fica (o crescimento da popula\u00e7\u00e3o e sua reorganiza\u00e7\u00e3o habitacional);<\/li>\n<li>Os documentos ainda acusam o lament\u00e1vel clericalismo; e em geral constatamos essas fragilidades nas bases onde emergem conflitos que j\u00e1 deveriam ser superados devido \u00e0 nova mentalidade eclesial; dessa forma a missionariedade dos leigos fica engessada, amea\u00e7ada, reduzida;<\/li>\n<li>O papa Francisco tem acusado uma s\u00e9rie de \u201cismos\u201d que devem ser superados tais como, o \u201cburocracismo\u201d, o \u201clegalismo\u201d, o \u201cimobilismo\u201d, o \u201ccomodismo\u201d, o \u201cpessimismo est\u00e9ril\u201d, o \u201cfeudalismo pastoral\u201d, o \u201crelativismo pastoral\u201d (como perda da refer\u00eancia do Evangelho), o \u201cpragmatismo\u201d, \u201cmundanismo espiritual\u201d;<\/li>\n<li>Enfim, outro grave desafio que amorda\u00e7a a missionariedade \u00e9 a fragmenta\u00e7\u00e3o pastoral como sinal de perda da pastoral de conjunto; desse mal decorre o paralelismo pastoral, o isolamento, a falta de comunh\u00e3o e de sinodalidade, favorecendo a autorreferencialidade pastoral.<\/li>\n<\/ul>\n<ol style=\"text-align: justify;\" start=\"3\">\n<li><strong>O que fazer?<\/strong><\/li>\n<\/ol>\n<p style=\"text-align: justify;\">A Igreja de modo geral j\u00e1 est\u00e1 profundamente comprometida na mudan\u00e7a desses males que compromete as atitudes de todos os sujeitos eclesiais. Sobre isso vejamos o que afirma a Instru\u00e7\u00e3o Pastoral sobre a renova\u00e7\u00e3o das Par\u00f3quias (Congrega\u00e7\u00e3o para o Clero, ano 2020).<\/p>\n<p style=\"text-align: justify;\">\u201cPara promover a centralidade da presen\u00e7a mission\u00e1ria da comunidade crist\u00e3 no mundo, \u00e9 importante repensar n\u00e3o s\u00f3 a uma nova experi\u00eancia de par\u00f3quia, mas tamb\u00e9m, nessa, o minist\u00e9rio e a miss\u00e3o dos sacerdotes, que, junto aos fi\u00e9is leigos, t\u00eam o compromisso de ser \u201csal e luz do mundo\u201d (cfr. Mt 5,13-14)\u201d (N. 13). \u201cA partir justamente da considera\u00e7\u00e3o dos sinais dos tempos, escutando o Esp\u00edrito, \u00e9 necess\u00e1rio tamb\u00e9m gerar novos sinais\u201d (N. 14)<\/p>\n<p style=\"text-align: justify;\"><strong>PARA REFLEX\u00c3O PESSOAL:<\/strong><\/p>\n<ol>\n<li style=\"text-align: justify;\">Voc\u00ea conhece toda a \u00e1rea geogr\u00e1fica da sua par\u00f3quia?<\/li>\n<li style=\"text-align: justify;\">Qual dos documentos citados voc\u00ea j\u00e1 leu? Se ainda n\u00e3o leu nenhum deles, fa\u00e7a o esfor\u00e7o para ler a Exorta\u00e7\u00e3o Apost\u00f3lica Evangelii Gaudium.<\/li>\n<li style=\"text-align: justify;\">Qual dos desafios a serem superados voc\u00ea mais percebe e quais s\u00e3o os preju\u00edzos geram?<\/li>\n<\/ol>\n","protected":false},"excerpt":{"rendered":"<p>Dom Antonio de Assis Ribeiro Bispo Auxiliar da Arquidiocese de Bel\u00e9m do Par\u00e1 Introdu\u00e7\u00e3o: Nossa reflex\u00e3o sobre as \u00c1reas Mission\u00e1rias desta edi\u00e7\u00e3o nos leva a falar sobre os passos que s\u00e3o efetivados para a cria\u00e7\u00e3o e o desenvolvimento das mesmas. Trata-se de um processo! A evangeliza\u00e7\u00e3o pressup\u00f5e um caminho! Nada na evangeliza\u00e7\u00e3o \u00e9 autom\u00e1tico e &hellip;<\/p>\n<p class=\"read-more\"> <a class=\"\" href=\"https:\/\/www.cnbb.org.br\/areas-missionarias-passos-desafios-e-compromissos-iii-parte\/\"> <span class=\"screen-reader-text\">\u00c1reas mission\u00e1rias: passos, desafios e compromissos (III parte)<\/span> Leia mais &raquo;<\/a><\/p>\n","protected":false},"author":79,"featured_media":0,"comment_status":"open","ping_status":"open","sticky":false,"template":"","format":"standard","meta":{"site-sidebar-layout":"default","site-content-layout":"default","ast-global-header-display":"","ast-banner-title-visibility":"","ast-main-header-display":"","ast-hfb-above-header-display":"","ast-hfb-below-header-display":"","ast-hfb-mobile-header-display":"","site-post-title":"","ast-breadcrumbs-content":"","ast-featured-img":"","footer-sml-layout":"","theme-transparent-header-meta":"default","adv-header-id-meta":"","stick-header-meta":"","header-above-stick-meta":"","header-main-stick-meta":"","header-below-stick-meta":""},"categories":[758,1837],"tags":[],"acf":[],"_links":{"self":[{"href":"https:\/\/www.cnbb.org.br\/cnbb-app\/wp\/v2\/posts\/255130"}],"collection":[{"href":"https:\/\/www.cnbb.org.br\/cnbb-app\/wp\/v2\/posts"}],"about":[{"href":"https:\/\/www.cnbb.org.br\/cnbb-app\/wp\/v2\/types\/post"}],"author":[{"embeddable":true,"href":"https:\/\/www.cnbb.org.br\/cnbb-app\/wp\/v2\/users\/79"}],"replies":[{"embeddable":true,"href":"https:\/\/www.cnbb.org.br\/cnbb-app\/wp\/v2\/comments?post=255130"}],"version-history":[{"count":0,"href":"https:\/\/www.cnbb.org.br\/cnbb-app\/wp\/v2\/posts\/255130\/revisions"}],"wp:attachment":[{"href":"https:\/\/www.cnbb.org.br\/cnbb-app\/wp\/v2\/media?parent=255130"}],"wp:term":[{"taxonomy":"category","embeddable":true,"href":"https:\/\/www.cnbb.org.br\/cnbb-app\/wp\/v2\/categories?post=255130"},{"taxonomy":"post_tag","embeddable":true,"href":"https:\/\/www.cnbb.org.br\/cnbb-app\/wp\/v2\/tags?post=255130"}],"curies":[{"name":"wp","href":"https:\/\/api.w.org\/{rel}","templated":true}]}}