{"id":255185,"date":"2020-11-13T08:55:14","date_gmt":"2020-11-13T11:55:14","guid":{"rendered":"https:\/\/www.cnbb.org.br\/?p=255185"},"modified":"2020-11-13T08:55:34","modified_gmt":"2020-11-13T11:55:34","slug":"dom-jacinto-bergmann-amor-politico","status":"publish","type":"post","link":"https:\/\/www.cnbb.org.br\/dom-jacinto-bergmann-amor-politico\/","title":{"rendered":"&#8220;Amor pol\u00edtico&#8221;"},"content":{"rendered":"<p style=\"text-align: right;\"><strong>Dom Jacinto Bergmann<\/strong><br \/>\n<strong>Arcebispo de Pelotas (RS)<\/strong><\/p>\n<p>&nbsp;<\/p>\n<p style=\"text-align: justify;\">S\u00e3o essas coincid\u00eancias que &#8220;parecem cair do c\u00e9u&#8221;! Justamente nesta semana, a \u00faltima da propaganda eleitoral e caminhando para as elei\u00e7\u00f5es neste final de semana, eu li e reli os pontos 176 a 197 da \u00faltima Enc\u00edclica do Papa Francisco, <em>\u201cFratelli tutti&#8221;.<\/em> Nesses pontos, o Papa desenvolve o tema da &#8220;Uma caridade social e pol\u00edtica&#8221;, no qual tem alguns par\u00e1grafos sobre &#8220;O amor pol\u00edtico&#8221;. Logo pensei: por que n\u00e3o repartir essa profunda compreens\u00e3o do Papa quando discorre sobre &#8220;o amor pol\u00edtico\u201d. Permitam-me parafrasear o escrito pontif\u00edcio, sem deixar de citar algumas frases textuais.<\/p>\n<p style=\"text-align: justify;\">Primeiramente chama aten\u00e7\u00e3o o pr\u00f3prio t\u00edtulo que o Papa d\u00e1 aos par\u00e1grafos: &#8220;O amor pol\u00edtico\u201d. Um pouco antes, ele afirmava que muitos, atualmente, possuem uma m\u00e1 no\u00e7\u00e3o de pol\u00edtica, e, isso deve-se frequentemente &#8220;por causa dos erros, a corrup\u00e7\u00e3o e a inefici\u00eancia de alguns pol\u00edticos&#8221; (Ft n.176). Mais, existem tamb\u00e9m &#8220;as estrat\u00e9gias que visam enfraquec\u00ea-la, substitu\u00ed-la pela economia ou domin\u00e1-la por alguma ideologia\u201d (Ft n.176). Diante disso, o Papa, se pergunta: poder\u00e1 o mundo funcionar sem pol\u00edtica?<\/p>\n<p style=\"text-align: justify;\">Claro que Francisco deixa claro a sua resposta afirmativa da necessidade da pol\u00edtica, como j\u00e1 tinha tamb\u00e9m expresso claramente na sua Exorta\u00e7\u00e3o Apost\u00f3lica \u201c<em>Evangelii gaudium\u201d<\/em> de 2013: &#8220;A pol\u00edtica \u00e9 uma sublime voca\u00e7\u00e3o, \u00e9 uma das formas mais preciosas de caridade, porque busca o bem comum&#8221; (Eg n.205).<\/p>\n<p style=\"text-align: justify;\">Para confessar sua convic\u00e7\u00e3o de que a pol\u00edtica \u00e9 uma forma mais preciosa de caridade, Francisco desenvolve o conceito do &#8220;amor pol\u00edtico&#8221;. Ele, o &#8220;amor pol\u00edtico&#8221; tem como base o reconhecimento de todo o ser humano como irm\u00e3o e irm\u00e3 e a procura de uma amizade social que \u00e9 capaz de integrar a todos &#8211; e esse reconhecimento da fraternidade universal e procura da amizade social, segundo o Papa, &#8220;n\u00e3o s\u00e3o meras utopias&#8221; (Ft n.180). Mais, todo e qualquer esfor\u00e7o nesta linha &#8220;torna-se um exerc\u00edcio alto de caridade&#8221; (Ft n.180). Se, como indiv\u00edduos somos chamados a sermos caridosos, mais ainda quando gerarmos \u201cprocessos sociais de fraternidade e justi\u00e7a para todos, entramos no campo da caridade mais ampla, a caridade pol\u00edtica. Trata-se de avan\u00e7ar para uma ordem social e pol\u00edtica, cuja alma seja a caridade social\u201d (Ft n.180).<\/p>\n<p style=\"text-align: justify;\">Deus apenas almeja da humanidade o cumprimento do mandamento do amor para ela ser feliz. Esse amor deve ser vivido entre as pessoas individualmente, mas ele \u00e9 tamb\u00e9m \u201ccivil e pol\u00edtico, manifestando-se em todas as a\u00e7\u00f5es que procuram construir um mundo melhor. Por este motivo, o amor expressa-se n\u00e3o s\u00f3 nas rela\u00e7\u00f5es \u00edntimas e pr\u00f3ximas, mas tamb\u00e9m nas macrorrela\u00e7\u00f5es como relacionamentos sociais, econ\u00f4micos e pol\u00edticos&#8221; (Ft n.181)<\/p>\n<p style=\"text-align: justify;\">O \u201camor pol\u00edtico\u201d promove o \u201camor social\u201d, que por sua vez, leva-nos &#8220;a amar o bem comum e a buscar efetivamente o bem de todas as pessoas, consideradas n\u00e3o s\u00f3 individualmente, mas tamb\u00e9m na dimens\u00e3o social que as une&#8221; (Ft n.182). E a partir desse &#8220;amor social&#8221;, \u00e9 poss\u00edvel avan\u00e7ar para uma civiliza\u00e7\u00e3o do amor a qual todos nos sentimos chamados.<\/p>\n<p style=\"text-align: justify;\">Finalizo meu escrito com uma profiss\u00e3o de f\u00e9: Juntamente com o Papa Francisco e com toda a Palavra de Deus, creio neste &#8220;amor pol\u00edtico&#8221;. Porque creio, tamb\u00e9m desejo de cora\u00e7\u00e3o, como pastor e tamb\u00e9m emprestando minha voz a todos os que formamos os seguidores de Cristo da Igreja Particular de Pelotas, que os nossos pol\u00edticos eleitos neste final de semana sejam imbu\u00eddos deste &#8220;amor pol\u00edtico&#8221; e tenham a for\u00e7a de viv\u00ea-lo vivamente, podendo contar com a minha b\u00ean\u00e7\u00e3o episcopal.<\/p>\n<p style=\"text-align: justify;\">\n","protected":false},"excerpt":{"rendered":"<p>Dom Jacinto Bergmann Arcebispo de Pelotas (RS) &nbsp; S\u00e3o essas coincid\u00eancias que &#8220;parecem cair do c\u00e9u&#8221;! Justamente nesta semana, a \u00faltima da propaganda eleitoral e caminhando para as elei\u00e7\u00f5es neste final de semana, eu li e reli os pontos 176 a 197 da \u00faltima Enc\u00edclica do Papa Francisco, \u201cFratelli tutti&#8221;. Nesses pontos, o Papa desenvolve &hellip;<\/p>\n<p class=\"read-more\"> <a class=\"\" href=\"https:\/\/www.cnbb.org.br\/dom-jacinto-bergmann-amor-politico\/\"> <span class=\"screen-reader-text\">&#8220;Amor pol\u00edtico&#8221;<\/span> Leia mais &raquo;<\/a><\/p>\n","protected":false},"author":87,"featured_media":0,"comment_status":"open","ping_status":"open","sticky":false,"template":"","format":"standard","meta":{"site-sidebar-layout":"default","site-content-layout":"default","ast-global-header-display":"","ast-banner-title-visibility":"","ast-main-header-display":"","ast-hfb-above-header-display":"","ast-hfb-below-header-display":"","ast-hfb-mobile-header-display":"","site-post-title":"","ast-breadcrumbs-content":"","ast-featured-img":"","footer-sml-layout":"","theme-transparent-header-meta":"default","adv-header-id-meta":"","stick-header-meta":"","header-above-stick-meta":"","header-main-stick-meta":"","header-below-stick-meta":""},"categories":[758,1837],"tags":[],"acf":[],"_links":{"self":[{"href":"https:\/\/www.cnbb.org.br\/cnbb-app\/wp\/v2\/posts\/255185"}],"collection":[{"href":"https:\/\/www.cnbb.org.br\/cnbb-app\/wp\/v2\/posts"}],"about":[{"href":"https:\/\/www.cnbb.org.br\/cnbb-app\/wp\/v2\/types\/post"}],"author":[{"embeddable":true,"href":"https:\/\/www.cnbb.org.br\/cnbb-app\/wp\/v2\/users\/87"}],"replies":[{"embeddable":true,"href":"https:\/\/www.cnbb.org.br\/cnbb-app\/wp\/v2\/comments?post=255185"}],"version-history":[{"count":0,"href":"https:\/\/www.cnbb.org.br\/cnbb-app\/wp\/v2\/posts\/255185\/revisions"}],"wp:attachment":[{"href":"https:\/\/www.cnbb.org.br\/cnbb-app\/wp\/v2\/media?parent=255185"}],"wp:term":[{"taxonomy":"category","embeddable":true,"href":"https:\/\/www.cnbb.org.br\/cnbb-app\/wp\/v2\/categories?post=255185"},{"taxonomy":"post_tag","embeddable":true,"href":"https:\/\/www.cnbb.org.br\/cnbb-app\/wp\/v2\/tags?post=255185"}],"curies":[{"name":"wp","href":"https:\/\/api.w.org\/{rel}","templated":true}]}}