{"id":25523,"date":"2010-02-18T00:00:00","date_gmt":"2010-02-18T02:00:00","guid":{"rendered":"https:\/\/www.cnbb.org.br\/3o-encontro-interregional-dos-diaconos-do-parana-santa-catarina-e-rio-grande-do-sul-acontece-em-curitiba\/"},"modified":"2020-03-11T21:33:43","modified_gmt":"2020-03-12T00:33:43","slug":"3o-encontro-interregional-dos-diaconos-do-parana-santa-catarina-e-rio-grande-do-sul-acontece-em-curitiba","status":"publish","type":"post","link":"https:\/\/www.cnbb.org.br\/3o-encontro-interregional-dos-diaconos-do-parana-santa-catarina-e-rio-grande-do-sul-acontece-em-curitiba\/","title":{"rendered":"3\u00ba Encontro Interregional dos di\u00e1conos do PR, SC e RS acontece em Curitiba"},"content":{"rendered":"<p style=\"text-align: justify\">Curitiba sediou, entre os dias 12 e 14, no Semin\u00e1rio Filos\u00f3fico Bom Pastor, no bairro Orleans, o 3\u00ba Interregional dos Di\u00e1conos do Paran\u00e1, Santa Catarina e Rio Grande do Sul, que teve como tema: \u201cDiaconato na Igreja de hoje\u201d.<\/p>\n<p><!--more--><\/p>\n<p style=\"text-align: justify\">Estiveram presentes no evento: dois Bispos, quatro padres, 87 di\u00e1conos, dois candidatos e 28 esposas, num total de 123 pessoas. A diocese de Umuarama foi representada no evento, pelo di\u00e1cono Elias Rocha e sua Esposa Zilda &#8211; coordenadores diocesanos dos di\u00e1conos; e o di\u00e1cono Jo\u00e3o Luiz Bariz\u00e3o e sua esposa, Ana.<\/p>\n<p style=\"text-align: justify\">O evento foi coordenado pelos presidentes das Comiss\u00f5es Regionais Sul 2 (Paran\u00e1), 3 (Rio Grande do Sul) e 4 (Santa Catarina). di\u00e1cono Jo\u00e3o Veldelin Kielthyika, do Paran\u00e1; di\u00e1cono Antonio Camilo, de Santa Catarina; e Di\u00e1cono Zeno Konzem do Rio Grande do Sul. Os assessores palestrantes foram dom Jo\u00e3o Carlos Seneme, bispo auxiliar de Curitiba e respons\u00e1vel para os di\u00e1conos do Paran\u00e1, que trabalhou o tema \u201cDi\u00e1conos na Igreja de hoje\u201d; e padre Jo\u00e3o Batista Chemim, reitor do Semin\u00e1rio S\u00e3o Jos\u00e9, da arquidiocese de Curitiba, que trabalhou o tema \u201cOrganiza\u00e7\u00e3o e disciplina na vida dos Di\u00e1conos\u201d.<\/p>\n<p style=\"text-align: justify\">No s\u00e1bado, 13, \u00e0 noite, houve troca de experi\u00eancias entre os di\u00e1conos dos Regionais. Fez-se presente tamb\u00e9m no encontro o di\u00e1cono Od\u00e9lcio Calligaris Gomes da Costa, da diocese de Piracicaba (SP), e presidente da Comiss\u00e3o Nacional de Di\u00e1conos (CND).<\/p>\n","protected":false},"excerpt":{"rendered":"<p>Curitiba sediou, entre os dias 12 e 14, no Semin\u00e1rio Filos\u00f3fico Bom Pastor, no bairro Orleans, o 3\u00ba Interregional dos Di\u00e1conos do Paran\u00e1, Santa Catarina e Rio Grande do Sul, que teve como tema: \u201cDiaconato na Igreja de hoje\u201d.<\/p>\n","protected":false},"author":83,"featured_media":2240,"comment_status":"open","ping_status":"open","sticky":false,"template":"","format":"standard","meta":{"site-sidebar-layout":"default","site-content-layout":"default","ast-global-header-display":"","ast-banner-title-visibility":"","ast-main-header-display":"","ast-hfb-above-header-display":"","ast-hfb-below-header-display":"","ast-hfb-mobile-header-display":"","site-post-title":"","ast-breadcrumbs-content":"","ast-featured-img":"","footer-sml-layout":"","theme-transparent-header-meta":"","adv-header-id-meta":"","stick-header-meta":"","header-above-stick-meta":"","header-main-stick-meta":"","header-below-stick-meta":""},"categories":[769,781,790,791],"tags":[],"acf":[],"_links":{"self":[{"href":"https:\/\/www.cnbb.org.br\/cnbb-app\/wp\/v2\/posts\/25523"}],"collection":[{"href":"https:\/\/www.cnbb.org.br\/cnbb-app\/wp\/v2\/posts"}],"about":[{"href":"https:\/\/www.cnbb.org.br\/cnbb-app\/wp\/v2\/types\/post"}],"author":[{"embeddable":true,"href":"https:\/\/www.cnbb.org.br\/cnbb-app\/wp\/v2\/users\/83"}],"replies":[{"embeddable":true,"href":"https:\/\/www.cnbb.org.br\/cnbb-app\/wp\/v2\/comments?post=25523"}],"version-history":[{"count":0,"href":"https:\/\/www.cnbb.org.br\/cnbb-app\/wp\/v2\/posts\/25523\/revisions"}],"wp:featuredmedia":[{"embeddable":true,"href":"https:\/\/www.cnbb.org.br\/cnbb-app\/wp\/v2\/media\/2240"}],"wp:attachment":[{"href":"https:\/\/www.cnbb.org.br\/cnbb-app\/wp\/v2\/media?parent=25523"}],"wp:term":[{"taxonomy":"category","embeddable":true,"href":"https:\/\/www.cnbb.org.br\/cnbb-app\/wp\/v2\/categories?post=25523"},{"taxonomy":"post_tag","embeddable":true,"href":"https:\/\/www.cnbb.org.br\/cnbb-app\/wp\/v2\/tags?post=25523"}],"curies":[{"name":"wp","href":"https:\/\/api.w.org\/{rel}","templated":true}]}}