{"id":255330,"date":"2020-11-17T11:31:00","date_gmt":"2020-11-17T14:31:00","guid":{"rendered":"https:\/\/www.cnbb.org.br\/?p=255330"},"modified":"2020-11-17T12:39:05","modified_gmt":"2020-11-17T15:39:05","slug":"maos-estendidas-na-pandemia","status":"publish","type":"post","link":"https:\/\/www.cnbb.org.br\/maos-estendidas-na-pandemia\/","title":{"rendered":"M\u00e3os estendidas na pandemia"},"content":{"rendered":"<p style=\"text-align: right;\"><strong>Cardeal Sergio da Rocha<\/strong><br \/>\n<strong>Arcebispo de Salvador (BA)<\/strong><\/p>\n<p>&nbsp;<\/p>\n<p style=\"text-align: justify;\">\u00a0\u00a0\u00a0\u00a0\u00a0\u00a0\u00a0\u00a0\u00a0\u00a0\u00a0 \u201cEstender a m\u00e3o \u00e9 um sinal: um sinal que apela imediatamente \u00e0 proximidade, \u00e0 solidariedade, ao amor. Nestes meses, em que o mundo inteiro foi dominado por um v\u00edrus que trouxe dor e morte, desconforto e perplexidade, pudemos ver tantas m\u00e3os estendidas!\u201d Assim o Papa Francisco se expressa, na sua Mensagem para o 4\u00ba Dia Mundial dos Pobres, elencando as m\u00e3os estendidas por muitos durante essa pandemia que tem causado tanto sofrimento, especialmente aos pobres e fragilizados. Ele nos recorda as m\u00e3os estendidas por homens e mulheres que atuam no cuidado aos enfermos, arriscando a pr\u00f3pria vida; dos volunt\u00e1rios que socorrem quem vive nas ruas; de quem trabalha para prestar servi\u00e7os essenciais; dos sacerdotes que continuam a aben\u00e7oar e de tantos outros que poderiam ser enumerados \u201cat\u00e9 compor uma ladainha de obras de bem\u201d.<\/p>\n<p style=\"text-align: justify;\">\u00a0\u00a0\u00a0\u00a0\u00a0\u00a0\u00a0\u00a0\u00a0\u00a0\u00a0 Em meio a tanto sofrimento causado pela pandemia, necessitamos reconhecer, com profunda gratid\u00e3o e louvor, o cora\u00e7\u00e3o generoso que move tantas m\u00e3os estendidas para cuidar, curar, partilhar e consolar. T\u00eam sido in\u00fameras as iniciativas de solidariedade, de servi\u00e7o e de partilha durante a pandemia, voltadas para os doentes, os pobres e fragilizados. Infelizmente, as m\u00e1s not\u00edcias e os males tendem a difundir-se rapidamente, fazendo obscurecer o bem imenso realizado por tantas pessoas e institui\u00e7\u00f5es. \u00c9 verdade que h\u00e1 os que \u201cconservam as m\u00e3os nos bolsos e n\u00e3o se deixam comover pela pobreza\u201d. Mas as m\u00e3os estendidas s\u00e3o in\u00fameras e generosas. Entretanto, a pandemia Covid-19, no Brasil e no mundo, continua a exigir cora\u00e7\u00f5es abertos e m\u00e3os estendidas. N\u00e3o podemos jamais cansar-nos de estender as m\u00e3os, especialmente neste tempo dram\u00e1tico que vivemos. H\u00e1 muita gente \u00e0 espera de m\u00e3os estendidas!<\/p>\n<p style=\"text-align: justify;\">\u00a0\u00a0\u00a0\u00a0\u00a0\u00a0\u00a0\u00a0\u00a0\u00a0\u00a0 O amor ao pr\u00f3ximo, especialmente, aos mais necessitados, \u00e9 sinal e consequ\u00eancia da f\u00e9. Francisco nos ajuda a refletir e a agir sobre como estender a m\u00e3o, neste tempo de pandemia, fundamentando sua mensagem num vers\u00edculo b\u00edblico: \u201cEstende a tua m\u00e3o ao pobre\u201d (Sir 7,32). Esta palavra, a ser vivida em qualquer contexto social, adquire significado e urg\u00eancia ainda maiores, em meio a tantas v\u00edtimas da pandemia, especialmente os pobres e os enfermos. N\u00e3o podemos ficar surdos ou indiferentes ao \u201cclamor silencioso de tantos pobres\u201d. N\u00e3o podemos perder a capacidade de chorar e de ser solid\u00e1rio perante o sofrimento alheio. Num contexto social marcado pelo agravamento da pobreza, \u00e9 preciso desenvolver a\u00e7\u00f5es, de car\u00e1ter pessoal e comunit\u00e1rio, voltadas para os mais vulner\u00e1veis e sofredores, juntamente com a atua\u00e7\u00e3o indispens\u00e1vel dos Poderes P\u00fablicos.<\/p>\n<p style=\"text-align: justify;\">\u00a0\u00a0\u00a0\u00a0\u00a0\u00a0\u00a0\u00a0\u00a0\u00a0\u00a0 O isolamento for\u00e7ado durante a pandemia limita, mas n\u00e3o impede estender as m\u00e3os fazendo-se pr\u00f3ximo, mesmo \u00e0 dist\u00e2ncia, do outro que sofre. Erguer as m\u00e3os, em ora\u00e7\u00e3o, poder\u00e1 ajudar muito a estender as m\u00e3os, bem como, a sentir as m\u00e3os de Deus estendidas sobre n\u00f3s.<\/p>\n<p>&nbsp;<\/p>\n<p>&nbsp;<\/p>\n","protected":false},"excerpt":{"rendered":"<p>Cardeal Sergio da Rocha Arcebispo de Salvador (BA) &nbsp; \u00a0\u00a0\u00a0\u00a0\u00a0\u00a0\u00a0\u00a0\u00a0\u00a0\u00a0 \u201cEstender a m\u00e3o \u00e9 um sinal: um sinal que apela imediatamente \u00e0 proximidade, \u00e0 solidariedade, ao amor. Nestes meses, em que o mundo inteiro foi dominado por um v\u00edrus que trouxe dor e morte, desconforto e perplexidade, pudemos ver tantas m\u00e3os estendidas!\u201d Assim o Papa &hellip;<\/p>\n<p class=\"read-more\"> <a class=\"\" href=\"https:\/\/www.cnbb.org.br\/maos-estendidas-na-pandemia\/\"> <span class=\"screen-reader-text\">M\u00e3os estendidas na pandemia<\/span> Leia mais &raquo;<\/a><\/p>\n","protected":false},"author":78,"featured_media":0,"comment_status":"open","ping_status":"open","sticky":false,"template":"","format":"standard","meta":{"site-sidebar-layout":"default","site-content-layout":"default","ast-global-header-display":"","ast-banner-title-visibility":"","ast-main-header-display":"","ast-hfb-above-header-display":"","ast-hfb-below-header-display":"","ast-hfb-mobile-header-display":"","site-post-title":"","ast-breadcrumbs-content":"","ast-featured-img":"","footer-sml-layout":"","theme-transparent-header-meta":"default","adv-header-id-meta":"","stick-header-meta":"","header-above-stick-meta":"","header-main-stick-meta":"","header-below-stick-meta":""},"categories":[758,1837],"tags":[],"acf":[],"_links":{"self":[{"href":"https:\/\/www.cnbb.org.br\/cnbb-app\/wp\/v2\/posts\/255330"}],"collection":[{"href":"https:\/\/www.cnbb.org.br\/cnbb-app\/wp\/v2\/posts"}],"about":[{"href":"https:\/\/www.cnbb.org.br\/cnbb-app\/wp\/v2\/types\/post"}],"author":[{"embeddable":true,"href":"https:\/\/www.cnbb.org.br\/cnbb-app\/wp\/v2\/users\/78"}],"replies":[{"embeddable":true,"href":"https:\/\/www.cnbb.org.br\/cnbb-app\/wp\/v2\/comments?post=255330"}],"version-history":[{"count":0,"href":"https:\/\/www.cnbb.org.br\/cnbb-app\/wp\/v2\/posts\/255330\/revisions"}],"wp:attachment":[{"href":"https:\/\/www.cnbb.org.br\/cnbb-app\/wp\/v2\/media?parent=255330"}],"wp:term":[{"taxonomy":"category","embeddable":true,"href":"https:\/\/www.cnbb.org.br\/cnbb-app\/wp\/v2\/categories?post=255330"},{"taxonomy":"post_tag","embeddable":true,"href":"https:\/\/www.cnbb.org.br\/cnbb-app\/wp\/v2\/tags?post=255330"}],"curies":[{"name":"wp","href":"https:\/\/api.w.org\/{rel}","templated":true}]}}