{"id":25538,"date":"2010-04-16T00:00:00","date_gmt":"2010-04-16T03:00:00","guid":{"rendered":"https:\/\/www.cnbb.org.br\/pastoral-da-saude-de-curitiba-faz-mutirao-de-acao-solidaria\/"},"modified":"2010-04-16T00:00:00","modified_gmt":"2010-04-16T03:00:00","slug":"pastoral-da-saude-de-curitiba-faz-mutirao-de-acao-solidaria","status":"publish","type":"post","link":"https:\/\/www.cnbb.org.br\/pastoral-da-saude-de-curitiba-faz-mutirao-de-acao-solidaria\/","title":{"rendered":"Pastoral da Sa\u00fade de Curitiba faz Mutir\u00e3o de A\u00e7\u00e3o Solid\u00e1ria"},"content":{"rendered":"<p style=\"text-align: justify\">A Pastoral da Sa\u00fade da arquidiocese de Curitiba (PR) realiza neste s\u00e1bado, 17, das 9h \u00e0s 17h, um Mutir\u00e3o de A\u00e7\u00e3o Solid\u00e1ria, na par\u00f3quia S\u00e3o Pedro, no bairro Umbar\u00e1. O objetivo \u00e9 chamar a aten\u00e7\u00e3o da sociedade e autoridades para a promo\u00e7\u00e3o da sa\u00fade e preven\u00e7\u00e3o de doen\u00e7as.<\/p>\n<p>  <!--more-->  <\/p>\n<p style=\"text-align: justify\">O evento vai contar com a parceria de diversas institui\u00e7\u00f5es que ir\u00e3o ministrar palestras e prestar orienta\u00e7\u00f5es sobre sa\u00fade mental, doen\u00e7as cardiovasculares, doen\u00e7as renais, t\u00e9cnicas de estimula\u00e7\u00e3o neural e qualidade de vida, aferi\u00e7\u00e3o de press\u00e3o arterial, teste de glicemia, exame preventivo de c\u00e2ncer do colo do \u00fatero e vacina\u00e7\u00e3o contra a gripe AH1 N1, entre outras.<\/p>\n<p style=\"text-align: justify\">A programa\u00e7\u00e3o que inicia com a celebra\u00e7\u00e3o de uma missa, presidida pelo bispo auxiliar da arquidiocese, dom Jo\u00e3o Carlos Seneme, inclui tamb\u00e9m a apresenta\u00e7\u00e3o de uma pe\u00e7a de teatro que trata da tem\u00e1tica &#8220;Doa\u00e7\u00e3o de Medula \u00d3ssea&#8221;. \u00c9 a hist\u00f3ria de dois palha\u00e7os que querem convencer uma mo\u00e7a emburrada a tornar-se doadora. Atrav\u00e9s de seu texto inteligente e divertido informa e conscientiza o p\u00fablico sobre a import\u00e2ncia e dificuldade das pessoas que necessitam desse transplante. \u00c9 um espet\u00e1culo envolvente que sensibiliza o p\u00fablico a se tornar um doador. A pe\u00e7a intitulada \u201cProcura-se uma Estrela\u201d \u00e9 produzida por atores profissionais independentes.<\/p>\n<p style=\"text-align: justify\">A Pastoral da Sa\u00fade j\u00e1 promoveu este evento em anos anteriores, por\u00e9m sempre no m\u00eas de agosto (05\/08 \u2013 Dia Nacional da Sa\u00fade), mas foi decidido mudar para o m\u00eas de abril (Dia 07\/04 \u2013 Dia Mundial da Sa\u00fade), tendo em vista a necessidade de orienta\u00e7\u00e3o e cuidados com a chegada do inverno e a gripe H1N1.<\/p>\n","protected":false},"excerpt":{"rendered":"<p>A Pastoral da Sa\u00fade da arquidiocese de Curitiba (PR) realiza neste s\u00e1bado, 17, das 9h \u00e0s 17h, um Mutir\u00e3o de A\u00e7\u00e3o Solid\u00e1ria, na par\u00f3quia S\u00e3o Pedro, no bairro Umbar\u00e1. O objetivo \u00e9 chamar a aten\u00e7\u00e3o da sociedade e autoridades para a promo\u00e7\u00e3o da sa\u00fade e preven\u00e7\u00e3o de doen\u00e7as.<\/p>\n","protected":false},"author":83,"featured_media":20559,"comment_status":"open","ping_status":"open","sticky":false,"template":"","format":"standard","meta":{"site-sidebar-layout":"default","site-content-layout":"default","ast-global-header-display":"","ast-banner-title-visibility":"","ast-main-header-display":"","ast-hfb-above-header-display":"","ast-hfb-below-header-display":"","ast-hfb-mobile-header-display":"","site-post-title":"","ast-breadcrumbs-content":"","ast-featured-img":"","footer-sml-layout":"","theme-transparent-header-meta":"","adv-header-id-meta":"","stick-header-meta":"","header-above-stick-meta":"","header-main-stick-meta":"","header-below-stick-meta":""},"categories":[769,781],"tags":[],"acf":[],"_links":{"self":[{"href":"https:\/\/www.cnbb.org.br\/cnbb-app\/wp\/v2\/posts\/25538"}],"collection":[{"href":"https:\/\/www.cnbb.org.br\/cnbb-app\/wp\/v2\/posts"}],"about":[{"href":"https:\/\/www.cnbb.org.br\/cnbb-app\/wp\/v2\/types\/post"}],"author":[{"embeddable":true,"href":"https:\/\/www.cnbb.org.br\/cnbb-app\/wp\/v2\/users\/83"}],"replies":[{"embeddable":true,"href":"https:\/\/www.cnbb.org.br\/cnbb-app\/wp\/v2\/comments?post=25538"}],"version-history":[{"count":0,"href":"https:\/\/www.cnbb.org.br\/cnbb-app\/wp\/v2\/posts\/25538\/revisions"}],"wp:featuredmedia":[{"embeddable":true,"href":"https:\/\/www.cnbb.org.br\/cnbb-app\/wp\/v2\/media\/20559"}],"wp:attachment":[{"href":"https:\/\/www.cnbb.org.br\/cnbb-app\/wp\/v2\/media?parent=25538"}],"wp:term":[{"taxonomy":"category","embeddable":true,"href":"https:\/\/www.cnbb.org.br\/cnbb-app\/wp\/v2\/categories?post=25538"},{"taxonomy":"post_tag","embeddable":true,"href":"https:\/\/www.cnbb.org.br\/cnbb-app\/wp\/v2\/tags?post=25538"}],"curies":[{"name":"wp","href":"https:\/\/api.w.org\/{rel}","templated":true}]}}