{"id":255517,"date":"2020-11-23T11:37:51","date_gmt":"2020-11-23T14:37:51","guid":{"rendered":"https:\/\/www.cnbb.org.br\/?p=255517"},"modified":"2020-11-23T11:48:39","modified_gmt":"2020-11-23T14:48:39","slug":"observatorio-racial-discute-crise-humanitaria-na-africa-com-bispo-brasileiro","status":"publish","type":"post","link":"https:\/\/www.cnbb.org.br\/observatorio-racial-discute-crise-humanitaria-na-africa-com-bispo-brasileiro\/","title":{"rendered":"Observat\u00f3rio Racial discute crise humanit\u00e1ria na \u00c1frica com bispo brasileiro em Pemba, dom Luiz Fernando Lisboa"},"content":{"rendered":"<p style=\"text-align: justify;\">O Observat\u00f3rio Racial Dom Jos\u00e9 Maria Pires, da Comiss\u00e3o Brasileira Justi\u00e7a e Paz (CBJP), recebe nesta segunda-feira, 23 de novembro, o bispo de Pemba, em Mo\u00e7ambique, dom Luiz Fernando Lisboa, juntamente com o diplomata aposentado Milton Rond\u00f3. O bispo tem sido uma voz consistente chamando a aten\u00e7\u00e3o para o agravamento da situa\u00e7\u00e3o humanit\u00e1ria na conturbada Prov\u00edncia de Cabo Delgado, no norte de Mo\u00e7ambique.<\/p>\n<p style=\"text-align: justify;\">Desde outubro de 2017, a prov\u00edncia de Cabo Delgado (norte de Mo\u00e7ambique) tem sido abalada por ataques mortais perpetrados por grupos armados cujas opera\u00e7\u00f5es est\u00e3o se tornando cada vez mais sofisticadas e uma fonte de ansiedade para os vizinhos de Mo\u00e7ambique, particularmente a Tanz\u00e2nia. Os ataques resultaram em centenas de mortos e o deslocamento de moradores devido ao clima de medo que reina na regi\u00e3o.<\/p>\n<p style=\"text-align: justify;\">A ONU alertou na \u00faltima semana para a &#8220;crise humanit\u00e1ria em larga escala&#8221; que est\u00e1 sendo gerada tamb\u00e9m na fronteira entre Eti\u00f3pia e Sud\u00e3o, depois que milhares de pessoas fugiram de combates que acontecem na regi\u00e3o dissidente de Tigr\u00e9 h\u00e1 duas semanas. Preocupado com a amea\u00e7a \u00e0 estabilidade naquela regi\u00e3o, o Observat\u00f3rio Racial, buscar\u00e1 contribuir no alerta \u00e0 comunidade internacional para pressionar o encerramento da opera\u00e7\u00e3o militar e buscar mecanismos de a\u00e7\u00e3o humanit\u00e1ria por parte da Igreja e da sociedade no Brasil em busca de ajuda humanit\u00e1ria para a comunidade africana que padece neste momento.<\/p>\n<p style=\"text-align: justify;\"><strong>Servi\u00e7o:<\/strong><br \/>\nReuni\u00e3o do Observat\u00f3rio Dom Jos\u00e9 Maria Pires da CBJP<br \/>\nPresen\u00e7as: Dom Luiz Fernando Lisboa &#8211; bispo de Pemba, em Mo\u00e7ambique e o Diplomata aposentado Milton Rond\u00f3<br \/>\nQuando: segunda-feira, 23\/11<br \/>\nHor\u00e1rio: 18h<br \/>\nLocal: Plataforma Zoom (ID da reuni\u00e3o: 816 635 5682 &#8211; Senha de acesso: 160475)<\/p>\n<p>&nbsp;<\/p>\n<pre>Com informa\u00e7\u00f5es da Comiss\u00e3o Brasileira de Justi\u00e7a e Paz<\/pre>\n<p>&nbsp;<\/p>\n","protected":false},"excerpt":{"rendered":"<p>O Observat\u00f3rio Racial Dom Jos\u00e9 Maria Pires, da Comiss\u00e3o Brasileira Justi\u00e7a e Paz (CBJP), recebe nesta segunda-feira, 23 de novembro, o bispo de Pemba, em Mo\u00e7ambique, dom Luiz Fernando Lisboa, juntamente com o diplomata aposentado Milton Rond\u00f3<\/p>\n","protected":false},"author":83,"featured_media":239677,"comment_status":"open","ping_status":"open","sticky":false,"template":"","format":"standard","meta":{"site-sidebar-layout":"default","site-content-layout":"default","ast-global-header-display":"","ast-banner-title-visibility":"","ast-main-header-display":"","ast-hfb-above-header-display":"","ast-hfb-below-header-display":"","ast-hfb-mobile-header-display":"","site-post-title":"","ast-breadcrumbs-content":"","ast-featured-img":"","footer-sml-layout":"","theme-transparent-header-meta":"default","adv-header-id-meta":"","stick-header-meta":"","header-above-stick-meta":"","header-main-stick-meta":"","header-below-stick-meta":""},"categories":[866,50],"tags":[2386,2104,3158],"acf":[],"_links":{"self":[{"href":"https:\/\/www.cnbb.org.br\/cnbb-app\/wp\/v2\/posts\/255517"}],"collection":[{"href":"https:\/\/www.cnbb.org.br\/cnbb-app\/wp\/v2\/posts"}],"about":[{"href":"https:\/\/www.cnbb.org.br\/cnbb-app\/wp\/v2\/types\/post"}],"author":[{"embeddable":true,"href":"https:\/\/www.cnbb.org.br\/cnbb-app\/wp\/v2\/users\/83"}],"replies":[{"embeddable":true,"href":"https:\/\/www.cnbb.org.br\/cnbb-app\/wp\/v2\/comments?post=255517"}],"version-history":[{"count":0,"href":"https:\/\/www.cnbb.org.br\/cnbb-app\/wp\/v2\/posts\/255517\/revisions"}],"wp:featuredmedia":[{"embeddable":true,"href":"https:\/\/www.cnbb.org.br\/cnbb-app\/wp\/v2\/media\/239677"}],"wp:attachment":[{"href":"https:\/\/www.cnbb.org.br\/cnbb-app\/wp\/v2\/media?parent=255517"}],"wp:term":[{"taxonomy":"category","embeddable":true,"href":"https:\/\/www.cnbb.org.br\/cnbb-app\/wp\/v2\/categories?post=255517"},{"taxonomy":"post_tag","embeddable":true,"href":"https:\/\/www.cnbb.org.br\/cnbb-app\/wp\/v2\/tags?post=255517"}],"curies":[{"name":"wp","href":"https:\/\/api.w.org\/{rel}","templated":true}]}}