{"id":25554,"date":"2010-08-13T00:00:00","date_gmt":"2010-08-13T03:00:00","guid":{"rendered":"https:\/\/www.cnbb.org.br\/solenidade-de-nossa-senhora-da-gloria-e-encerramento-da-semana-da-familia-deve-reunir-50-mil-pessoas-em-maringa\/"},"modified":"2010-08-13T00:00:00","modified_gmt":"2010-08-13T03:00:00","slug":"solenidade-de-nossa-senhora-da-gloria-e-encerramento-da-semana-da-familia-deve-reunir-50-mil-pessoas-em-maringa","status":"publish","type":"post","link":"https:\/\/www.cnbb.org.br\/solenidade-de-nossa-senhora-da-gloria-e-encerramento-da-semana-da-familia-deve-reunir-50-mil-pessoas-em-maringa\/","title":{"rendered":"Solenidade de Nossa Senhora da Gl\u00f3ria deve reunir 50 mil pessoas em Maring\u00e1"},"content":{"rendered":"<p style=\"text-align: justify\">A solenidade de Nossa Senhora da Gl\u00f3ria, padroeira da cidade e da arquidiocese de Maring\u00e1 (PR), deve reunir cerca de 50 mil pessoas na Pra\u00e7a da Catedral Bas\u00edlica Menor em Maring\u00e1, no pr\u00f3ximo domingo, 15.<\/p>\n<p><!--more--><\/p>\n<p style=\"text-align: justify\">Na ocasi\u00e3o haver\u00e1 tamb\u00e9m o encerramento da Semana Nacional da Fam\u00edlia e a chegada da imagem da padroeira do Paran\u00e1, Nossa Senhora do Rocio, que vai visitar as 55 par\u00f3quias da arquidiocese at\u00e9 o dia 12 de outubro.<\/p>\n<p style=\"text-align: justify\">Dezenas de caravanas s\u00e3o esperadas para a solenidade. A santa missa, que est\u00e1 marcada para as 18h, ser\u00e1 presidida pelo arcebispo dom Anuar Battisti, e concelebrada pelo primeiro arcebispo de Maring\u00e1, dom Jaime Luiz Coelho e demais padres da arquidiocese.<\/p>\n<p style=\"text-align: justify\">Logo ap\u00f3s a missa, o padre Reginaldo Manzzoti far\u00e1 uma homenagem a Nossa Senhora e \u00e0s Fam\u00edlias.<\/p>\n<p style=\"text-align: justify\"><strong>Transmiss\u00e3o nacional pela TV<\/strong><br \/>\nMaring\u00e1 ser\u00e1, mais uma vez, destaque nacional por causa de um evento religioso. A TV 3\u00ba Mil\u00eanio, que \u00e9 geradora, far\u00e1 a transmiss\u00e3o nacional da Solenidade de Nossa Senhora da Gl\u00f3ria. Outras emissoras parceiras v\u00e3o retransmitir a missa da padroeira de Maring\u00e1: TV Nazar\u00e9, de Bel\u00e9m do Par\u00e1; Paran\u00e1 Educativa e TV S\u00e9culo 21.<\/p>\n","protected":false},"excerpt":{"rendered":"<p>A solenidade de Nossa Senhora da Gl\u00f3ria, padroeira da cidade e da arquidiocese de Maring\u00e1 (PR), deve reunir cerca de 50 mil pessoas na Pra\u00e7a da Catedral Bas\u00edlica Menor em Maring\u00e1, no pr\u00f3ximo domingo, 15.<\/p>\n","protected":false},"author":83,"featured_media":25555,"comment_status":"open","ping_status":"open","sticky":false,"template":"","format":"standard","meta":{"site-sidebar-layout":"default","site-content-layout":"default","ast-global-header-display":"","ast-banner-title-visibility":"","ast-main-header-display":"","ast-hfb-above-header-display":"","ast-hfb-below-header-display":"","ast-hfb-mobile-header-display":"","site-post-title":"","ast-breadcrumbs-content":"","ast-featured-img":"","footer-sml-layout":"","theme-transparent-header-meta":"","adv-header-id-meta":"","stick-header-meta":"","header-above-stick-meta":"","header-main-stick-meta":"","header-below-stick-meta":""},"categories":[769,781],"tags":[],"acf":[],"_links":{"self":[{"href":"https:\/\/www.cnbb.org.br\/cnbb-app\/wp\/v2\/posts\/25554"}],"collection":[{"href":"https:\/\/www.cnbb.org.br\/cnbb-app\/wp\/v2\/posts"}],"about":[{"href":"https:\/\/www.cnbb.org.br\/cnbb-app\/wp\/v2\/types\/post"}],"author":[{"embeddable":true,"href":"https:\/\/www.cnbb.org.br\/cnbb-app\/wp\/v2\/users\/83"}],"replies":[{"embeddable":true,"href":"https:\/\/www.cnbb.org.br\/cnbb-app\/wp\/v2\/comments?post=25554"}],"version-history":[{"count":0,"href":"https:\/\/www.cnbb.org.br\/cnbb-app\/wp\/v2\/posts\/25554\/revisions"}],"wp:featuredmedia":[{"embeddable":true,"href":"https:\/\/www.cnbb.org.br\/cnbb-app\/wp\/v2\/media\/25555"}],"wp:attachment":[{"href":"https:\/\/www.cnbb.org.br\/cnbb-app\/wp\/v2\/media?parent=25554"}],"wp:term":[{"taxonomy":"category","embeddable":true,"href":"https:\/\/www.cnbb.org.br\/cnbb-app\/wp\/v2\/categories?post=25554"},{"taxonomy":"post_tag","embeddable":true,"href":"https:\/\/www.cnbb.org.br\/cnbb-app\/wp\/v2\/tags?post=25554"}],"curies":[{"name":"wp","href":"https:\/\/api.w.org\/{rel}","templated":true}]}}